{"id":1732,"date":"2022-07-14T04:38:11","date_gmt":"2022-07-14T04:38:11","guid":{"rendered":"https:\/\/reativarambiental.com.br\/?p=1732"},"modified":"2022-07-14T04:38:13","modified_gmt":"2022-07-14T04:38:13","slug":"experiencias-de-educacao-ambiental-no-parque-ecologico-dr-antonio-teixeira-vianna","status":"publish","type":"post","link":"https:\/\/reativarambiental.com.br\/?p=1732","title":{"rendered":"Experi\u00eancias de educa\u00e7\u00e3o ambiental no Parque Ecol\u00f3gico Dr. Ant\u00f4nio Teixeira Vianna"},"content":{"rendered":"\n<p>Este estudo \u00e9 fruto de uma experi\u00eancia pr\u00e1tica, vivenciada com alunos da rede p\u00fablica municipal de ensino do munic\u00edpio de Dois C\u00f3rregos. O objetivo foi destacar a import\u00e2ncia do Parque Ecol\u00f3gico Dr. Ant\u00f4nio Teixeira Vianna na realiza\u00e7\u00e3o de a\u00e7\u00f5es voltadas \u00e0 manuten\u00e7\u00e3o, conserva\u00e7\u00e3o, reprodu\u00e7\u00e3o e educa\u00e7\u00e3o ambiental de animais silvestres, tendo como principal objetivo a conserva\u00e7\u00e3o das esp\u00e9cies em cativeiro. Participaram um total de 173 alunos das 09 escolas municipais: CEMEI Prof\u00ba C\u00edcero Bertelli, a CEMEI Prof\u00aa Maria Helena Capelini Rodrigues, CEMEI Prof\u00aa Maria L\u00facia Altimari Dante, EMEI Maria Jos\u00e9 Scarpim, EMEF Benedito dos Santos Guerreirom EMEF Francisco Sim\u00f5es, EMEF Prof\u00ba Valdomiro Casagrande, EMEFEI Prof\u00aa Laura Rebou\u00e7as de Abreu e EMEFEI Oscar Novakoski. Os procedimentos metodol\u00f3gicos adotados foram por meio da observa\u00e7\u00e3o participativa. Neste sentido, destacamos que o local se configura como um espa\u00e7o estrat\u00e9gico que visa despertar a sensibiliza\u00e7\u00e3o ambiental, tendo em vista que abriga diversas esp\u00e9cies da fauna silvestre.<\/p>\n\n\n\n<p><\/p>\n\n\n\n<div class=\"wp-block-file\"><object class=\"wp-block-file__embed\" data=\"https:\/\/reativarambiental.com.br\/wp-content\/uploads\/2022\/07\/19-91-1-PB.pdf\" type=\"application\/pdf\" style=\"width:100%;height:600px\" aria-label=\"Embed of 19-91-1-PB.\"><\/object><a id=\"wp-block-file--media-d6cab86b-3571-4cdc-a43d-2e8f2958d677\" href=\"https:\/\/reativarambiental.com.br\/wp-content\/uploads\/2022\/07\/19-91-1-PB.pdf\">19-91-1-PB<\/a><a href=\"https:\/\/reativarambiental.com.br\/wp-content\/uploads\/2022\/07\/19-91-1-PB.pdf\" class=\"wp-block-file__button\" download aria-describedby=\"wp-block-file--media-d6cab86b-3571-4cdc-a43d-2e8f2958d677\">Download<\/a><\/div>\n\n\n\n<p><\/p>\n","protected":false},"excerpt":{"rendered":"<p>Este estudo \u00e9 fruto de uma experi\u00eancia pr\u00e1tica, vivenciada com alunos da rede p\u00fablica municipal de ensino do munic\u00edpio de<\/p>\n","protected":false},"author":2,"featured_media":0,"comment_status":"open","ping_status":"open","sticky":false,"template":"","format":"standard","meta":{"om_disable_all_campaigns":false,"_monsterinsights_skip_tracking":false,"_monsterinsights_sitenote_active":false,"_monsterinsights_sitenote_note":"","_monsterinsights_sitenote_category":0},"categories":[5,47],"tags":[],"aioseo_notices":[],"_links":{"self":[{"href":"https:\/\/reativarambiental.com.br\/index.php?rest_route=\/wp\/v2\/posts\/1732"}],"collection":[{"href":"https:\/\/reativarambiental.com.br\/index.php?rest_route=\/wp\/v2\/posts"}],"about":[{"href":"https:\/\/reativarambiental.com.br\/index.php?rest_route=\/wp\/v2\/types\/post"}],"author":[{"embeddable":true,"href":"https:\/\/reativarambiental.com.br\/index.php?rest_route=\/wp\/v2\/users\/2"}],"replies":[{"embeddable":true,"href":"https:\/\/reativarambiental.com.br\/index.php?rest_route=%2Fwp%2Fv2%2Fcomments&post=1732"}],"version-history":[{"count":1,"href":"https:\/\/reativarambiental.com.br\/index.php?rest_route=\/wp\/v2\/posts\/1732\/revisions"}],"predecessor-version":[{"id":1734,"href":"https:\/\/reativarambiental.com.br\/index.php?rest_route=\/wp\/v2\/posts\/1732\/revisions\/1734"}],"wp:attachment":[{"href":"https:\/\/reativarambiental.com.br\/index.php?rest_route=%2Fwp%2Fv2%2Fmedia&parent=1732"}],"wp:term":[{"taxonomy":"category","embeddable":true,"href":"https:\/\/reativarambiental.com.br\/index.php?rest_route=%2Fwp%2Fv2%2Fcategories&post=1732"},{"taxonomy":"post_tag","embeddable":true,"href":"https:\/\/reativarambiental.com.br\/index.php?rest_route=%2Fwp%2Fv2%2Ftags&post=1732"}],"curies":[{"name":"wp","href":"https:\/\/api.w.org\/{rel}","templated":true}]}}