{"id":1837,"date":"2022-07-14T21:23:13","date_gmt":"2022-07-14T21:23:13","guid":{"rendered":"https:\/\/reativarambiental.com.br\/?p=1837"},"modified":"2022-07-14T21:23:14","modified_gmt":"2022-07-14T21:23:14","slug":"a-importancia-da-gestao-ambiental-para-a-engenharia-civil","status":"publish","type":"post","link":"https:\/\/reativarambiental.com.br\/?p=1837","title":{"rendered":"A import\u00e2ncia da Gest\u00e3o Ambiental para a engenharia civil"},"content":{"rendered":"\n<p>A constru\u00e7\u00e3o civil \u00e9 associada ao desenvolvimento de uma cidade e de uma sociedade, contudo, a mesma traz in\u00fameros impactos para o meio ambiente, pois utiliza, em grande quantidade, os recursos naturais finitos. Atrav\u00e9s de medidas elaboradas por meio de uma gest\u00e3o ambiental \u00e9 poss\u00edvel diminuir a gera\u00e7\u00e3o de res\u00edduos, a alta demanda energ\u00e9tica, a polui\u00e7\u00e3o e outros fatores que ocasionam a degrada\u00e7\u00e3o ambiental. O gestor ambiental \u00e9 respons\u00e1vel por permitir uma constru\u00e7\u00e3o legalizada e dentro das normas t\u00e9cnicas que s\u00e3o essenciais para o desenvolvimento sustent\u00e1vel a fim de melhorar a qualidade de vida e conscientizar ecologicamente. Contudo, para que o engenheiro civil entenda a import\u00e2ncia da gest\u00e3o ambiental no meio em que atua, \u00e9 necess\u00e1rio que o profissional esteja ciente de sua responsabilidade ambiental e que as institui\u00e7\u00f5es de ensino reforcem, atrav\u00e9s de disciplinas obrigat\u00f3rias e debates, a import\u00e2ncia da sustentabilidade no meio construtivo, pois \u00e9 atrav\u00e9s do ensino orientado dentro da engenharia civil que o profissional adquire conhecimento suficiente para exercer sua profiss\u00e3o de forma sustent\u00e1vel, \u00e9tica e respons\u00e1vel.<\/p>\n\n\n\n<p><\/p>\n\n\n\n<div class=\"wp-block-file\"><object class=\"wp-block-file__embed\" data=\"https:\/\/reativarambiental.com.br\/wp-content\/uploads\/2022\/07\/34-199-1-PB.pdf\" type=\"application\/pdf\" style=\"width:100%;height:600px\" aria-label=\"Embed of 34-199-1-PB.\"><\/object><a id=\"wp-block-file--media-adc0e820-773d-43f4-8dc0-a35ddbc64cd9\" href=\"https:\/\/reativarambiental.com.br\/wp-content\/uploads\/2022\/07\/34-199-1-PB.pdf\">34-199-1-PB<\/a><a href=\"https:\/\/reativarambiental.com.br\/wp-content\/uploads\/2022\/07\/34-199-1-PB.pdf\" class=\"wp-block-file__button\" download aria-describedby=\"wp-block-file--media-adc0e820-773d-43f4-8dc0-a35ddbc64cd9\">Download<\/a><\/div>\n\n\n\n<p><\/p>\n","protected":false},"excerpt":{"rendered":"<p>A constru\u00e7\u00e3o civil \u00e9 associada ao desenvolvimento de uma cidade e de uma sociedade, contudo, a mesma traz in\u00fameros impactos<\/p>\n","protected":false},"author":2,"featured_media":0,"comment_status":"open","ping_status":"open","sticky":false,"template":"","format":"standard","meta":{"om_disable_all_campaigns":false,"_monsterinsights_skip_tracking":false,"_monsterinsights_sitenote_active":false,"_monsterinsights_sitenote_note":"","_monsterinsights_sitenote_category":0},"categories":[6,50,5],"tags":[],"aioseo_notices":[],"_links":{"self":[{"href":"https:\/\/reativarambiental.com.br\/index.php?rest_route=\/wp\/v2\/posts\/1837"}],"collection":[{"href":"https:\/\/reativarambiental.com.br\/index.php?rest_route=\/wp\/v2\/posts"}],"about":[{"href":"https:\/\/reativarambiental.com.br\/index.php?rest_route=\/wp\/v2\/types\/post"}],"author":[{"embeddable":true,"href":"https:\/\/reativarambiental.com.br\/index.php?rest_route=\/wp\/v2\/users\/2"}],"replies":[{"embeddable":true,"href":"https:\/\/reativarambiental.com.br\/index.php?rest_route=%2Fwp%2Fv2%2Fcomments&post=1837"}],"version-history":[{"count":1,"href":"https:\/\/reativarambiental.com.br\/index.php?rest_route=\/wp\/v2\/posts\/1837\/revisions"}],"predecessor-version":[{"id":1839,"href":"https:\/\/reativarambiental.com.br\/index.php?rest_route=\/wp\/v2\/posts\/1837\/revisions\/1839"}],"wp:attachment":[{"href":"https:\/\/reativarambiental.com.br\/index.php?rest_route=%2Fwp%2Fv2%2Fmedia&parent=1837"}],"wp:term":[{"taxonomy":"category","embeddable":true,"href":"https:\/\/reativarambiental.com.br\/index.php?rest_route=%2Fwp%2Fv2%2Fcategories&post=1837"},{"taxonomy":"post_tag","embeddable":true,"href":"https:\/\/reativarambiental.com.br\/index.php?rest_route=%2Fwp%2Fv2%2Ftags&post=1837"}],"curies":[{"name":"wp","href":"https:\/\/api.w.org\/{rel}","templated":true}]}}