{"id":1840,"date":"2022-07-14T21:25:18","date_gmt":"2022-07-14T21:25:18","guid":{"rendered":"https:\/\/reativarambiental.com.br\/?p=1840"},"modified":"2022-07-14T21:25:19","modified_gmt":"2022-07-14T21:25:19","slug":"el-papel-de-la-educacion-ambiental-para-la-sensibilizacion-de-alumnos-de-educacion-primaria-acerca-de-la-contaminacion-del-agua","status":"publish","type":"post","link":"https:\/\/reativarambiental.com.br\/?p=1840","title":{"rendered":"El papel de la Educaci\u00f3n Ambiental para la sensibilizaci\u00f3n de alumnos de educaci\u00f3n primaria acerca de la contaminaci\u00f3n del agua"},"content":{"rendered":"\n<p>El prop\u00f3sito de este trabajo es relatar una investigaci\u00f3n que se llev\u00f3 a cabo con un grupo de del primer a\u00f1o de una escuela primaria de Cotia \u2013 S\u00e3o Paulo, donde a trav\u00e9s a trav\u00e9s del horizonte de hermen\u00e9utica filos\u00f3fica, se busc\u00f3 ampliar el conocimiento de los estudiantes sobre el agua.\u00a0 Para lograr el objetivo de enfatizar la comprensi\u00f3n de las causas de la contaminaci\u00f3n del agua, se utiliz\u00f3 durante los encuentros con alumnos diferentes recursos pedag\u00f3gicos que apoyaron en la sensibilizaci\u00f3n acerca de la contaminaci\u00f3n del agua y sus diferentes causas. Este estudio tambi\u00e9n sirvi\u00f3 para crear un espacio para la construcci\u00f3n de significados sobre el agua de la regi\u00f3n de Cotia, universalizando y contextualizando el tema.<\/p>\n\n\n\n<p><\/p>\n\n\n\n<div class=\"wp-block-file\"><object class=\"wp-block-file__embed\" data=\"https:\/\/reativarambiental.com.br\/wp-content\/uploads\/2022\/07\/35-214-1-PB.pdf\" type=\"application\/pdf\" style=\"width:100%;height:600px\" aria-label=\"Embed of 35-214-1-PB.\"><\/object><a id=\"wp-block-file--media-20ce11c9-c453-412f-9789-48201d83e39c\" href=\"https:\/\/reativarambiental.com.br\/wp-content\/uploads\/2022\/07\/35-214-1-PB.pdf\">35-214-1-PB<\/a><a href=\"https:\/\/reativarambiental.com.br\/wp-content\/uploads\/2022\/07\/35-214-1-PB.pdf\" class=\"wp-block-file__button\" download aria-describedby=\"wp-block-file--media-20ce11c9-c453-412f-9789-48201d83e39c\">Download<\/a><\/div>\n\n\n\n<p><\/p>\n","protected":false},"excerpt":{"rendered":"<p>El prop\u00f3sito de este trabajo es relatar una investigaci\u00f3n que se llev\u00f3 a cabo con un grupo de del primer<\/p>\n","protected":false},"author":2,"featured_media":1842,"comment_status":"open","ping_status":"open","sticky":false,"template":"","format":"standard","meta":{"om_disable_all_campaigns":false,"_monsterinsights_skip_tracking":false,"_monsterinsights_sitenote_active":false,"_monsterinsights_sitenote_note":"","_monsterinsights_sitenote_category":0},"categories":[50,5,47],"tags":[],"aioseo_notices":[],"_links":{"self":[{"href":"https:\/\/reativarambiental.com.br\/index.php?rest_route=\/wp\/v2\/posts\/1840"}],"collection":[{"href":"https:\/\/reativarambiental.com.br\/index.php?rest_route=\/wp\/v2\/posts"}],"about":[{"href":"https:\/\/reativarambiental.com.br\/index.php?rest_route=\/wp\/v2\/types\/post"}],"author":[{"embeddable":true,"href":"https:\/\/reativarambiental.com.br\/index.php?rest_route=\/wp\/v2\/users\/2"}],"replies":[{"embeddable":true,"href":"https:\/\/reativarambiental.com.br\/index.php?rest_route=%2Fwp%2Fv2%2Fcomments&post=1840"}],"version-history":[{"count":1,"href":"https:\/\/reativarambiental.com.br\/index.php?rest_route=\/wp\/v2\/posts\/1840\/revisions"}],"predecessor-version":[{"id":1843,"href":"https:\/\/reativarambiental.com.br\/index.php?rest_route=\/wp\/v2\/posts\/1840\/revisions\/1843"}],"wp:featuredmedia":[{"embeddable":true,"href":"https:\/\/reativarambiental.com.br\/index.php?rest_route=\/wp\/v2\/media\/1842"}],"wp:attachment":[{"href":"https:\/\/reativarambiental.com.br\/index.php?rest_route=%2Fwp%2Fv2%2Fmedia&parent=1840"}],"wp:term":[{"taxonomy":"category","embeddable":true,"href":"https:\/\/reativarambiental.com.br\/index.php?rest_route=%2Fwp%2Fv2%2Fcategories&post=1840"},{"taxonomy":"post_tag","embeddable":true,"href":"https:\/\/reativarambiental.com.br\/index.php?rest_route=%2Fwp%2Fv2%2Ftags&post=1840"}],"curies":[{"name":"wp","href":"https:\/\/api.w.org\/{rel}","templated":true}]}}