{"id":1844,"date":"2022-07-14T21:27:44","date_gmt":"2022-07-14T21:27:44","guid":{"rendered":"https:\/\/reativarambiental.com.br\/?p=1844"},"modified":"2022-07-14T21:27:46","modified_gmt":"2022-07-14T21:27:46","slug":"lista-de-doi-eabra-volume-1-numero-1-2020","status":"publish","type":"post","link":"https:\/\/reativarambiental.com.br\/?p=1844","title":{"rendered":"Lista de DOI &#8211; EABRA &#8211; Volume 1 N\u00famero 1 (2020)"},"content":{"rendered":"\n<p>ARTIGO:&nbsp;O homem como parte integrante da natureza: a percep\u00e7\u00e3o ambiental sobre o parque estadual de Dois Irm\u00e3os em Recife \u2013 Pernambuco<\/p>\n\n\n\n<p>AUTORES:&nbsp;Lucas Ant\u00f4nio Ribeiro Cardoso*, \u00c1urea Nascimento de Siqueira Mesquita<\/p>\n\n\n\n<p>Educa\u00e7\u00e3o Ambiental, v.1, n.1, pg 02-06.<\/p>\n\n\n\n<p>DOI:\u00a0https:\/\/doi.org\/10.5281\/zenodo.3969131<\/p>\n\n\n\n<p><\/p>\n\n\n\n<p>ARTIGO:&nbsp;Horta Escolar e seguran\u00e7a alimentar: Instrumento pedag\u00f3gico e saber did\u00e1tico<\/p>\n\n\n\n<p>AUTORES:&nbsp;Aline Carneiro, H\u00e9len Bispo, Juciaylla Oliveira, Raquel Santos, Maria Santos<\/p>\n\n\n\n<p>Educa\u00e7\u00e3o Ambiental, v.1, n.1, pg 07-10.<\/p>\n\n\n\n<p>DOI:\u00a0https:\/\/doi.org\/10.5281\/zenodo.3969136<\/p>\n\n\n\n<p><\/p>\n\n\n\n<p>ARTIGO:&nbsp;Interfaces da Educa\u00e7\u00e3o Ambiental: Um estudo em uma Associa\u00e7\u00e3o Comunit\u00e1ria do Semi\u00e1rido Baiano<\/p>\n\n\n\n<p>AUTORES:&nbsp;Daise Oliveira Carneiro*, Maria Auxiliadora Freitas dos Santos<\/p>\n\n\n\n<p>Educa\u00e7\u00e3o Ambiental, v.1, n.1, pg 11-20.<\/p>\n\n\n\n<p>DOI:\u00a0https:\/\/doi.org\/10.5281\/zenodo.3969174\u00a0<\/p>\n\n\n\n<p><\/p>\n\n\n\n<p>ARTIGO:Uma ideia consciente: a preocupa\u00e7\u00e3o aparente dos educandos do 8\u00b0 ano do ensino fundamental, em rela\u00e7\u00e3o ao meio ambiente na cidade de Tamandar\u00e9 (Pernambuco)<\/p>\n\n\n\n<p>AUTORES:&nbsp;Mariana Santana de Lira*, Lucas Ant\u00f4nio Ribeiro Cardoso<\/p>\n\n\n\n<p>Educa\u00e7\u00e3o Ambiental, v.1, n.1, pg 21-27.<\/p>\n\n\n\n<p>DOI:\u00a0https:\/\/doi.org\/10.5281\/zenodo.3969176<\/p>\n\n\n\n<p><\/p>\n\n\n\n<p>ARTIGO:&nbsp;A pr\u00e1tica pedag\u00f3gica como ferramenta para sustentabilidade: um olhar sobre atividades eco tur\u00edsticas<\/p>\n\n\n\n<p>AUTORES:&nbsp;Caio Henrique de Moura Santana*, Demostenes Soares da Silva, Lucas Ant\u00f4nio Ribeiro Cardoso<\/p>\n\n\n\n<p>Educa\u00e7\u00e3o Ambiental, v.1, n.1, pg 28-32.<\/p>\n\n\n\n<p>DOI:\u00a0https:\/\/doi.org\/10.5281\/zenodo.3969178<\/p>\n\n\n\n<p><\/p>\n\n\n\n<p>ARTIGO:&nbsp;Participa\u00e7\u00e3o e a\u00e7\u00f5es no territ\u00f3rio do sisal (Bahia): considera\u00e7\u00f5es sobre g\u00eanero, agroecologia e entidades locais<\/p>\n\n\n\n<p>AUTORES:&nbsp;Josenilda dos Santos Anuncia\u00e7\u00e3o, Maria Auxiliadora Freitas dos Santos, Ma\u00edra dos Santos Pinheiro, Glauciane Pereira dos Santos, Edeilson Brito de Souza, Elisabeth dos Santos Teixeira<\/p>\n\n\n\n<p>Educa\u00e7\u00e3o Ambiental, v.1, n.1, pg 33-37.<\/p>\n\n\n\n<p>DOI:\u00a0https:\/\/doi.org\/10.5281\/zenodo.3969180<\/p>\n\n\n\n<p><\/p>\n\n\n\n<p>ARTIGO:&nbsp;A ci\u00eancia enquanto instrumento de aproxima\u00e7\u00e3o ao conhecimento agroecol\u00f3gico: Relato de experi\u00eancia em Serrinha \u2013 Bahia<\/p>\n\n\n\n<p>AUTORES:&nbsp;Du\u00edlio Santos, Giovane Carneiro, Josenilda Anuncia\u00e7\u00e3o, Lorena Jesus, Ma\u00edra Pinheiro, Maria Auxiliadora Santos, Heron Souza<\/p>\n\n\n\n<p>Educa\u00e7\u00e3o Ambiental, v.1, n.1, pg 38-42.<\/p>\n\n\n\n<p>DOI:&nbsp;https:\/\/doi.org\/10.5281\/zenodo.3969182<\/p>\n","protected":false},"excerpt":{"rendered":"<p>ARTIGO:&nbsp;O homem como parte integrante da natureza: a percep\u00e7\u00e3o ambiental sobre o parque estadual de Dois Irm\u00e3os em Recife \u2013<\/p>\n","protected":false},"author":2,"featured_media":0,"comment_status":"open","ping_status":"open","sticky":false,"template":"","format":"standard","meta":{"om_disable_all_campaigns":false,"_monsterinsights_skip_tracking":false,"_monsterinsights_sitenote_active":false,"_monsterinsights_sitenote_note":"","_monsterinsights_sitenote_category":0},"categories":[50,10],"tags":[],"aioseo_notices":[],"_links":{"self":[{"href":"https:\/\/reativarambiental.com.br\/index.php?rest_route=\/wp\/v2\/posts\/1844"}],"collection":[{"href":"https:\/\/reativarambiental.com.br\/index.php?rest_route=\/wp\/v2\/posts"}],"about":[{"href":"https:\/\/reativarambiental.com.br\/index.php?rest_route=\/wp\/v2\/types\/post"}],"author":[{"embeddable":true,"href":"https:\/\/reativarambiental.com.br\/index.php?rest_route=\/wp\/v2\/users\/2"}],"replies":[{"embeddable":true,"href":"https:\/\/reativarambiental.com.br\/index.php?rest_route=%2Fwp%2Fv2%2Fcomments&post=1844"}],"version-history":[{"count":1,"href":"https:\/\/reativarambiental.com.br\/index.php?rest_route=\/wp\/v2\/posts\/1844\/revisions"}],"predecessor-version":[{"id":1845,"href":"https:\/\/reativarambiental.com.br\/index.php?rest_route=\/wp\/v2\/posts\/1844\/revisions\/1845"}],"wp:attachment":[{"href":"https:\/\/reativarambiental.com.br\/index.php?rest_route=%2Fwp%2Fv2%2Fmedia&parent=1844"}],"wp:term":[{"taxonomy":"category","embeddable":true,"href":"https:\/\/reativarambiental.com.br\/index.php?rest_route=%2Fwp%2Fv2%2Fcategories&post=1844"},{"taxonomy":"post_tag","embeddable":true,"href":"https:\/\/reativarambiental.com.br\/index.php?rest_route=%2Fwp%2Fv2%2Ftags&post=1844"}],"curies":[{"name":"wp","href":"https:\/\/api.w.org\/{rel}","templated":true}]}}