{"id":1949,"date":"2022-07-16T05:03:11","date_gmt":"2022-07-16T05:03:11","guid":{"rendered":"https:\/\/reativarambiental.com.br\/?p=1949"},"modified":"2022-07-16T05:03:13","modified_gmt":"2022-07-16T05:03:13","slug":"aura-indexa-educacao-ambiental-brasil","status":"publish","type":"post","link":"https:\/\/reativarambiental.com.br\/?p=1949","title":{"rendered":"AURA indexa Educa\u00e7\u00e3o Ambiental (Brasil)"},"content":{"rendered":"\n<p>AURA \u00e9 o espa\u00e7o a partir do qual AmeliCA pretende refletir o estado geral das revistas cient\u00edficas no que diz respeito \u00e0s pol\u00edticas de abertura e direitos de explora\u00e7\u00e3o da publica\u00e7\u00e3o cient\u00edfica. O objetivo da AURA \u00e9 conhecer as pol\u00edticas editoriais das revistas cient\u00edficas em rela\u00e7\u00e3o ao acesso aos seus arquivos, direitos de explora\u00e7\u00e3o e licen\u00e7as de publica\u00e7\u00e3o e como estes podem afetar seu posterior auto-arquivamento em reposit\u00f3rios institucionais ou tem\u00e1ticos. Os peri\u00f3dicos s\u00e3o classificados por cor seguindo a taxonomia DULCINEA e SHERPA\/ROMEO.<\/p>\n","protected":false},"excerpt":{"rendered":"<p>AURA \u00e9 o espa\u00e7o a partir do qual AmeliCA pretende refletir o estado geral das revistas cient\u00edficas no que diz<\/p>\n","protected":false},"author":2,"featured_media":0,"comment_status":"open","ping_status":"open","sticky":false,"template":"","format":"standard","meta":{"om_disable_all_campaigns":false,"_monsterinsights_skip_tracking":false,"_monsterinsights_sitenote_active":false,"_monsterinsights_sitenote_note":"","_monsterinsights_sitenote_category":0},"categories":[50,10],"tags":[],"aioseo_notices":[],"_links":{"self":[{"href":"https:\/\/reativarambiental.com.br\/index.php?rest_route=\/wp\/v2\/posts\/1949"}],"collection":[{"href":"https:\/\/reativarambiental.com.br\/index.php?rest_route=\/wp\/v2\/posts"}],"about":[{"href":"https:\/\/reativarambiental.com.br\/index.php?rest_route=\/wp\/v2\/types\/post"}],"author":[{"embeddable":true,"href":"https:\/\/reativarambiental.com.br\/index.php?rest_route=\/wp\/v2\/users\/2"}],"replies":[{"embeddable":true,"href":"https:\/\/reativarambiental.com.br\/index.php?rest_route=%2Fwp%2Fv2%2Fcomments&post=1949"}],"version-history":[{"count":1,"href":"https:\/\/reativarambiental.com.br\/index.php?rest_route=\/wp\/v2\/posts\/1949\/revisions"}],"predecessor-version":[{"id":1950,"href":"https:\/\/reativarambiental.com.br\/index.php?rest_route=\/wp\/v2\/posts\/1949\/revisions\/1950"}],"wp:attachment":[{"href":"https:\/\/reativarambiental.com.br\/index.php?rest_route=%2Fwp%2Fv2%2Fmedia&parent=1949"}],"wp:term":[{"taxonomy":"category","embeddable":true,"href":"https:\/\/reativarambiental.com.br\/index.php?rest_route=%2Fwp%2Fv2%2Fcategories&post=1949"},{"taxonomy":"post_tag","embeddable":true,"href":"https:\/\/reativarambiental.com.br\/index.php?rest_route=%2Fwp%2Fv2%2Ftags&post=1949"}],"curies":[{"name":"wp","href":"https:\/\/api.w.org\/{rel}","templated":true}]}}