{"id":2088,"date":"2022-07-22T23:37:18","date_gmt":"2022-07-22T23:37:18","guid":{"rendered":"https:\/\/reativarambiental.com.br\/?p=2088"},"modified":"2022-07-22T23:37:19","modified_gmt":"2022-07-22T23:37:19","slug":"caracterizacao-espacial-de-indice-relativo-de-clorofila-indice-de-vegetacao-e-incidencia-solar-em-area-de-cultivo-de-coffea-canephora","status":"publish","type":"post","link":"https:\/\/reativarambiental.com.br\/?p=2088","title":{"rendered":"Caracteriza\u00e7\u00e3o espacial de \u00edndice relativo de clorofila, \u00edndice de vegeta\u00e7\u00e3o e incid\u00eancia solar em \u00e1rea de cultivo de Coffea canephora"},"content":{"rendered":"\n<h4>Resumo<\/h4>\n\n\n\n<p><a href=\"https:\/\/doi.org\/10.5281\/zenodo.6407100\"><\/a><\/p>\n\n\n\n<p>A produ\u00e7\u00e3o do caf\u00e9 no estado do Esp\u00edrito Santo \u00e9 uma atividade de grande import\u00e2ncia para o estado e, com isso, diversas t\u00e9cnicas t\u00eam sido utilizadas para ampliar e melhorar essa atividade desde o planejamento at\u00e9 a comercializa\u00e7\u00e3o do produto. Diante disso, objetivo do trabalho consiste em avaliar, em ambiente SIG, par\u00e2metros como Clorofila, NDVI e Incid\u00eancia Solar atrav\u00e9s de uma an\u00e1lise hier\u00e1rquica de processos (AHP) com o prop\u00f3sito de estimar a atividades das enzimas do grupo oxiredutases, como a peroxidase (POD) e a polifenoloxidases (PPO), al\u00e9m das prote\u00ednas dos vegetais, no plantio de caf\u00e9 do Centro de Ci\u00eancias Exatas, Naturais e da Sa\u00fade da Universidade Federal do Esp\u00edrito Santo. Para isso, foi utilizado o software ArcGis (2014) e dois dados rasters: (i) Imagem SRTM com resolu\u00e7\u00e3o horizontal de 30-90m para extra\u00e7\u00e3o dos dados de declividade, incid\u00eancia solar e altimetria; (ii) Imagem RapidEye datada de julho de 2013 com precis\u00e3o de 5-6,5m para extra\u00e7\u00e3o dos dados de NDVI e Clorofila. Destaca-se nos resultados, que a an\u00e1lise hier\u00e1rquica de processos se mostrou favor\u00e1vel para avaliar uma \u00e1rea representada por uma superf\u00edcie de pixel que mede o grau de atividade de enzima oxirredutase entre 0 e 255, apresentando resultados similares com outros trabalhos realizados na \u00e1rea experimental do CCENS-UFES. Para um resultado mais preciso em ambiente SIG, seria necess\u00e1rio utilizar dados de um modelo digital de eleva\u00e7\u00e3o de alta precis\u00e3o ou similar as imagens do sensor RapidEye, j\u00e1 que um dos fatores importantes (incid\u00eancia solar) \u00e9 dependente desse dado.<\/p>\n\n\n\n<h4>Palavras-chave<\/h4>\n\n\n\n<p>AHP; SIG; Caf\u00e9<\/p>\n\n\n\n<p><\/p>\n\n\n\n<div class=\"wp-block-file\"><object class=\"wp-block-file__embed\" data=\"https:\/\/reativarambiental.com.br\/wp-content\/uploads\/2022\/07\/52-382-1-PB.pdf\" type=\"application\/pdf\" style=\"width:100%;height:600px\" aria-label=\"Embed of 52-382-1-PB.\"><\/object><a id=\"wp-block-file--media-cb668af5-a568-4f5f-97de-7f27f1357102\" href=\"https:\/\/reativarambiental.com.br\/wp-content\/uploads\/2022\/07\/52-382-1-PB.pdf\">52-382-1-PB<\/a><a href=\"https:\/\/reativarambiental.com.br\/wp-content\/uploads\/2022\/07\/52-382-1-PB.pdf\" class=\"wp-block-file__button\" download aria-describedby=\"wp-block-file--media-cb668af5-a568-4f5f-97de-7f27f1357102\">Download<\/a><\/div>\n\n\n\n<p><\/p>\n","protected":false},"excerpt":{"rendered":"<p>Resumo A produ\u00e7\u00e3o do caf\u00e9 no estado do Esp\u00edrito Santo \u00e9 uma atividade de grande import\u00e2ncia para o estado e,<\/p>\n","protected":false},"author":2,"featured_media":2090,"comment_status":"open","ping_status":"open","sticky":false,"template":"","format":"standard","meta":{"om_disable_all_campaigns":false,"_monsterinsights_skip_tracking":false,"_monsterinsights_sitenote_active":false,"_monsterinsights_sitenote_note":"","_monsterinsights_sitenote_category":0},"categories":[7,6,22,27,53,30],"tags":[],"aioseo_notices":[],"_links":{"self":[{"href":"https:\/\/reativarambiental.com.br\/index.php?rest_route=\/wp\/v2\/posts\/2088"}],"collection":[{"href":"https:\/\/reativarambiental.com.br\/index.php?rest_route=\/wp\/v2\/posts"}],"about":[{"href":"https:\/\/reativarambiental.com.br\/index.php?rest_route=\/wp\/v2\/types\/post"}],"author":[{"embeddable":true,"href":"https:\/\/reativarambiental.com.br\/index.php?rest_route=\/wp\/v2\/users\/2"}],"replies":[{"embeddable":true,"href":"https:\/\/reativarambiental.com.br\/index.php?rest_route=%2Fwp%2Fv2%2Fcomments&post=2088"}],"version-history":[{"count":1,"href":"https:\/\/reativarambiental.com.br\/index.php?rest_route=\/wp\/v2\/posts\/2088\/revisions"}],"predecessor-version":[{"id":2091,"href":"https:\/\/reativarambiental.com.br\/index.php?rest_route=\/wp\/v2\/posts\/2088\/revisions\/2091"}],"wp:featuredmedia":[{"embeddable":true,"href":"https:\/\/reativarambiental.com.br\/index.php?rest_route=\/wp\/v2\/media\/2090"}],"wp:attachment":[{"href":"https:\/\/reativarambiental.com.br\/index.php?rest_route=%2Fwp%2Fv2%2Fmedia&parent=2088"}],"wp:term":[{"taxonomy":"category","embeddable":true,"href":"https:\/\/reativarambiental.com.br\/index.php?rest_route=%2Fwp%2Fv2%2Fcategories&post=2088"},{"taxonomy":"post_tag","embeddable":true,"href":"https:\/\/reativarambiental.com.br\/index.php?rest_route=%2Fwp%2Fv2%2Ftags&post=2088"}],"curies":[{"name":"wp","href":"https:\/\/api.w.org\/{rel}","templated":true}]}}