{"id":2092,"date":"2022-07-22T23:40:26","date_gmt":"2022-07-22T23:40:26","guid":{"rendered":"https:\/\/reativarambiental.com.br\/?p=2092"},"modified":"2022-07-22T23:40:28","modified_gmt":"2022-07-22T23:40:28","slug":"impactos-ambientais-em-areas-de-mineracao-estudo-de-caso-para-a-regiao-de-paracatu-minas-gerais","status":"publish","type":"post","link":"https:\/\/reativarambiental.com.br\/?p=2092","title":{"rendered":"Impactos ambientais em \u00e1reas de minera\u00e7\u00e3o: estudo de caso para a regi\u00e3o de Paracatu (Minas Gerais)"},"content":{"rendered":"\n<h4>Resumo<\/h4>\n\n\n\n<figure class=\"wp-block-image\"><a href=\"https:\/\/doi.org\/10.5281\/zenodo.5676423\"><img src=\"https:\/\/zenodo.org\/badge\/DOI\/10.5281\/zenodo.5676423.svg\" alt=\"DOI\"\/><\/a><\/figure>\n\n\n\n<p>O setor de minera\u00e7\u00e3o apresentou um crescente desenvolvimento ao longo do \u00faltimo s\u00e9culo, como consequ\u00eancia do desenvolvimento tecnol\u00f3gico da sociedade. Atualmente, ele corresponde \u00e0 uma parcela importante da economia de muitos pa\u00edses, como \u00e9 o caso do Brasil, onde o Estado de Minas Gerais \u00e9 um dos que se destacam na explora\u00e7\u00e3o de jazidas minerais. Esse crescimento da atividade mineradora ocasionou um aumento no n\u00famero de impactos ambientais e suas consequ\u00eancias para o meio ambiente. Buscando meios de identificar e avaliar esses impactos, as geotecnologias t\u00eam se apresentado como uma forma eficaz de atingir esse objetivo. Nesse contexto, este estudo objetiva realizar uma an\u00e1lise dos impactos ambientais causados pela minera\u00e7\u00e3o, ao longo de uma s\u00e9rie temporal, utilizando mapas de NDVI da regi\u00e3o da mina do Morro do Ouro, em Paracatu \u2013 MG. Os mapas foram gerados utilizando o\u00a0<em>Google Earth Engine<\/em>\u00a0e o QGIS, e para verificar a concord\u00e2ncia entre eles, aplicou-se o \u00cdndice Kappa, um modelo estat\u00edstico muito utilizado em estudos que envolvem geoprocessamento. Os valores de Kappa calculados foram maiores que 0,8 para todos os anos da s\u00e9rie temporal, indicando uma concord\u00e2ncia excelente e trazendo confiabilidade aos mapas. Assim, observou-se a varia\u00e7\u00e3o da densidade vegetativa ao longo da s\u00e9rie temporal, correlacionando-a com os impactos ambientais causados pela minera\u00e7\u00e3o na regi\u00e3o. O estudo confirmou ainda, os benef\u00edcios do uso de geotecnologias para a \u00e1rea de identifica\u00e7\u00e3o e avalia\u00e7\u00e3o de impactos ambientais e demonstrou a efici\u00eancia das ferramentass de geoprocessamento para a gera\u00e7\u00e3o de mapas de NDVI.<\/p>\n\n\n\n<p><\/p>\n\n\n\n<div class=\"wp-block-file\"><object class=\"wp-block-file__embed\" data=\"https:\/\/reativarambiental.com.br\/wp-content\/uploads\/2022\/07\/56-366-1-PB.pdf\" type=\"application\/pdf\" style=\"width:100%;height:600px\" aria-label=\"Embed of 56-366-1-PB.\"><\/object><a id=\"wp-block-file--media-9a02b96d-c202-49fb-87f3-8ddd67aa6a5e\" href=\"https:\/\/reativarambiental.com.br\/wp-content\/uploads\/2022\/07\/56-366-1-PB.pdf\">56-366-1-PB<\/a><a href=\"https:\/\/reativarambiental.com.br\/wp-content\/uploads\/2022\/07\/56-366-1-PB.pdf\" class=\"wp-block-file__button\" download aria-describedby=\"wp-block-file--media-9a02b96d-c202-49fb-87f3-8ddd67aa6a5e\">Download<\/a><\/div>\n\n\n\n<p><\/p>\n","protected":false},"excerpt":{"rendered":"<p>Resumo O setor de minera\u00e7\u00e3o apresentou um crescente desenvolvimento ao longo do \u00faltimo s\u00e9culo, como consequ\u00eancia do desenvolvimento tecnol\u00f3gico da<\/p>\n","protected":false},"author":2,"featured_media":2094,"comment_status":"open","ping_status":"open","sticky":false,"template":"","format":"standard","meta":{"om_disable_all_campaigns":false,"_monsterinsights_skip_tracking":false,"_monsterinsights_sitenote_active":false,"_monsterinsights_sitenote_note":"","_monsterinsights_sitenote_category":0},"categories":[7,6,22,53,30],"tags":[],"aioseo_notices":[],"_links":{"self":[{"href":"https:\/\/reativarambiental.com.br\/index.php?rest_route=\/wp\/v2\/posts\/2092"}],"collection":[{"href":"https:\/\/reativarambiental.com.br\/index.php?rest_route=\/wp\/v2\/posts"}],"about":[{"href":"https:\/\/reativarambiental.com.br\/index.php?rest_route=\/wp\/v2\/types\/post"}],"author":[{"embeddable":true,"href":"https:\/\/reativarambiental.com.br\/index.php?rest_route=\/wp\/v2\/users\/2"}],"replies":[{"embeddable":true,"href":"https:\/\/reativarambiental.com.br\/index.php?rest_route=%2Fwp%2Fv2%2Fcomments&post=2092"}],"version-history":[{"count":1,"href":"https:\/\/reativarambiental.com.br\/index.php?rest_route=\/wp\/v2\/posts\/2092\/revisions"}],"predecessor-version":[{"id":2095,"href":"https:\/\/reativarambiental.com.br\/index.php?rest_route=\/wp\/v2\/posts\/2092\/revisions\/2095"}],"wp:featuredmedia":[{"embeddable":true,"href":"https:\/\/reativarambiental.com.br\/index.php?rest_route=\/wp\/v2\/media\/2094"}],"wp:attachment":[{"href":"https:\/\/reativarambiental.com.br\/index.php?rest_route=%2Fwp%2Fv2%2Fmedia&parent=2092"}],"wp:term":[{"taxonomy":"category","embeddable":true,"href":"https:\/\/reativarambiental.com.br\/index.php?rest_route=%2Fwp%2Fv2%2Fcategories&post=2092"},{"taxonomy":"post_tag","embeddable":true,"href":"https:\/\/reativarambiental.com.br\/index.php?rest_route=%2Fwp%2Fv2%2Ftags&post=2092"}],"curies":[{"name":"wp","href":"https:\/\/api.w.org\/{rel}","templated":true}]}}