{"id":2104,"date":"2022-07-22T23:54:38","date_gmt":"2022-07-22T23:54:38","guid":{"rendered":"https:\/\/reativarambiental.com.br\/?p=2104"},"modified":"2022-07-22T23:54:39","modified_gmt":"2022-07-22T23:54:39","slug":"taxas-de-desflorestacao-vs-emissao-de-dioxido-de-carbono-no-municipio-do-luau-moxico-angola","status":"publish","type":"post","link":"https:\/\/reativarambiental.com.br\/?p=2104","title":{"rendered":"Taxas de Desfloresta\u00e7\u00e3o vs Emiss\u00e3o de Di\u00f3xido de Carbono no Munic\u00edpio do Luau (Moxico-Angola)"},"content":{"rendered":"\n<h4>Resumo<\/h4>\n\n\n\n<p><a href=\"https:\/\/doi.org\/10.5281\/zenodo.5676441\"><\/a><\/p>\n\n\n\n<p>Tendo em conta a explora\u00e7\u00e3o intensiva de massas florestais no Leste Angolano (que cruza com a Bacia do Congo) e na falta de dados de invent\u00e1rio florestal tradicional, foram utilizados recursos de detec\u00e7\u00e3o remota (imagens Landsat 7 TM e 8) para estimar a taxa de desfloresta\u00e7\u00e3o no munic\u00edpio Luau, prov\u00edncia do Moxico, no per\u00edodo 2008-2017. Para tal, primeiramente foi necess\u00e1rio identificar as principais classes de uso e ocupa\u00e7\u00e3o de solo, analisar sua din\u00e2mica anual e relacionar a perda de \u00e1rea florestal com a quantidade de di\u00f3xido de carbono emitido na zona e per\u00edodo em estudo. Os dados foram obtidos desde os servidores geoespaciais Maplibrary, ESA e Libra. Com base na proposta metodol\u00f3gica de Hansen et al. (2013), e utilizando as imagens de sat\u00e9lites foram analisados os par\u00e1metros citados anteriormente. Os principais resultados do estudo s\u00e3o: As classes de uso e ocupa\u00e7\u00e3o de solo que ocorrem no munic\u00edpio de Luau, prov\u00edncia do Moxico, s\u00e3o: florestas com 52%, &nbsp;arbustos com 16%, vegeta\u00e7\u00e3o herb\u00e1cea 12%, zona agr\u00edcola 8%, solo exposto 6%, zona urbana 5% e \u00e1gua 1%. A an\u00e1lise da din\u00e2mica anual da vegeta\u00e7\u00e3o entre 2008 e 2017 na zona de estudo, mostrou que a taxa de desfloresta\u00e7\u00e3o \u00e9 de 1 745 ha \/ ano, sendo 145 ha \/ m\u00eas e 5 ha \/ dia; j\u00e1 a taxa de regenera\u00e7\u00e3o estimada \u00e9 de 6 ha \/ ano, sendo 0,5 ha \/ m\u00eas e 0,02 ha \/ dia. A quantidade de di\u00f3xido de carbono emitido a atmosfera na zona e per\u00edodo em estudo \u00e9 de 11,4 t \/ ha, sendo 1 kg \/ m2 e 436 100 t \/ ano, sendo 36 342 t \/ m\u00eas e 1 211 t \/ dia.<\/p>\n\n\n\n<h4>Palavras-chave<\/h4>\n\n\n\n<p>Din\u00e2mica da vegeta\u00e7\u00e3o; Di\u00f3xido de carbono; Lansat; Bacia do Congo<\/p>\n\n\n\n<div class=\"wp-block-file\"><object class=\"wp-block-file__embed\" data=\"https:\/\/reativarambiental.com.br\/wp-content\/uploads\/2022\/07\/59-374-1-PB.pdf\" type=\"application\/pdf\" style=\"width:100%;height:600px\" aria-label=\"Embed of 59-374-1-PB.\"><\/object><a id=\"wp-block-file--media-29806bb6-2a9d-4153-b82a-f83906f76ad5\" href=\"https:\/\/reativarambiental.com.br\/wp-content\/uploads\/2022\/07\/59-374-1-PB.pdf\">59-374-1-PB<\/a><a href=\"https:\/\/reativarambiental.com.br\/wp-content\/uploads\/2022\/07\/59-374-1-PB.pdf\" class=\"wp-block-file__button\" download aria-describedby=\"wp-block-file--media-29806bb6-2a9d-4153-b82a-f83906f76ad5\">Download<\/a><\/div>\n\n\n\n<p><\/p>\n\n\n\n<p><\/p>\n","protected":false},"excerpt":{"rendered":"<p>Resumo Tendo em conta a explora\u00e7\u00e3o intensiva de massas florestais no Leste Angolano (que cruza com a Bacia do Congo)<\/p>\n","protected":false},"author":2,"featured_media":2106,"comment_status":"open","ping_status":"open","sticky":false,"template":"","format":"standard","meta":{"om_disable_all_campaigns":false,"_monsterinsights_skip_tracking":false,"_monsterinsights_sitenote_active":false,"_monsterinsights_sitenote_note":"","_monsterinsights_sitenote_category":0},"categories":[7,6,22,53,30],"tags":[],"aioseo_notices":[],"_links":{"self":[{"href":"https:\/\/reativarambiental.com.br\/index.php?rest_route=\/wp\/v2\/posts\/2104"}],"collection":[{"href":"https:\/\/reativarambiental.com.br\/index.php?rest_route=\/wp\/v2\/posts"}],"about":[{"href":"https:\/\/reativarambiental.com.br\/index.php?rest_route=\/wp\/v2\/types\/post"}],"author":[{"embeddable":true,"href":"https:\/\/reativarambiental.com.br\/index.php?rest_route=\/wp\/v2\/users\/2"}],"replies":[{"embeddable":true,"href":"https:\/\/reativarambiental.com.br\/index.php?rest_route=%2Fwp%2Fv2%2Fcomments&post=2104"}],"version-history":[{"count":1,"href":"https:\/\/reativarambiental.com.br\/index.php?rest_route=\/wp\/v2\/posts\/2104\/revisions"}],"predecessor-version":[{"id":2107,"href":"https:\/\/reativarambiental.com.br\/index.php?rest_route=\/wp\/v2\/posts\/2104\/revisions\/2107"}],"wp:featuredmedia":[{"embeddable":true,"href":"https:\/\/reativarambiental.com.br\/index.php?rest_route=\/wp\/v2\/media\/2106"}],"wp:attachment":[{"href":"https:\/\/reativarambiental.com.br\/index.php?rest_route=%2Fwp%2Fv2%2Fmedia&parent=2104"}],"wp:term":[{"taxonomy":"category","embeddable":true,"href":"https:\/\/reativarambiental.com.br\/index.php?rest_route=%2Fwp%2Fv2%2Fcategories&post=2104"},{"taxonomy":"post_tag","embeddable":true,"href":"https:\/\/reativarambiental.com.br\/index.php?rest_route=%2Fwp%2Fv2%2Ftags&post=2104"}],"curies":[{"name":"wp","href":"https:\/\/api.w.org\/{rel}","templated":true}]}}