{"id":2108,"date":"2022-07-22T23:56:25","date_gmt":"2022-07-22T23:56:25","guid":{"rendered":"https:\/\/reativarambiental.com.br\/?p=2108"},"modified":"2022-07-22T23:56:27","modified_gmt":"2022-07-22T23:56:27","slug":"estudo-da-distribuicao-espaco-temporal-da-floresta-do-maiombe-no-municipio-de-belize-cabinda-angola","status":"publish","type":"post","link":"https:\/\/reativarambiental.com.br\/?p=2108","title":{"rendered":"Estudo da Distribui\u00e7\u00e3o Espa\u00e7o-Temporal da Floresta do Maiombe no Munic\u00edpio de Belize (Cabinda-Angola)"},"content":{"rendered":"\n<h4>Resumo<\/h4>\n\n\n\n<p><a href=\"https:\/\/doi.org\/10.5281\/zenodo.5676443\"><\/a><\/p>\n\n\n\n<p>Verifica-se um maior n\u00famero de superf\u00edcie de solo ocupado e florestas em clareiras devido ao aumento de habita\u00e7\u00e3o, campos agr\u00edcolas, explora\u00e7\u00e3o madeireira em quase toda \u00c1frica Austral. Belize ocupa maior parte da floresta do Maiombe e pelos recursos existente na floresta tem sofrido com a explora\u00e7\u00e3o. Assim, diante das constantes transforma\u00e7\u00f5es do uso do solo, associada a m\u00e1 gest\u00e3o de terra levando consigo problemas de \u00e2mbito s\u00f3cio econ\u00f3mico, este trabalho visou caracterizar as \u00e1reas florestais no munic\u00edpio de Belize (Cabinda) com base em vari\u00e1veis (biomassa, topografia e clima) geoespaciais. Nesta vertente para uma contribui\u00e7\u00e3o cient\u00edfica, foram elaborados mapas de uso de solo, cotas de altitudes e precipita\u00e7\u00e3o m\u00e9dia anual, os mesmos foram elaborados na ferramenta meu compositor de impress\u00e3o do software Quantum Gis conforme a norma padr\u00e3o de cartografia tem\u00e1tica, para a obten\u00e7\u00e3o das \u00e1reas florestais, bem como a sua din\u00e2mica, foi necess\u00e1rio analisar os dados disponibilizados no servidor Global Forest Watch, durante o per\u00edodo 2000-2017. Resultados alcan\u00e7ados foram: o munic\u00edpio de Belize apresenta m\u00e9dios a altos valores biomassa florestal, o que est\u00e1 associado a ocorr\u00eancia de floresta densa; esta floresta distribu\u00ed-se por quase todo o terret\u00f3rio do Belize, sendo maioritariamente floresta de terras baixas de acordo com a altitude e floresta densa com base nos valores de precipata\u00e7\u00e3o m\u00e9dia anual; a an\u00e1lise da din\u00e2mica da vegeta\u00e7\u00e3o em escala temporal e espacial mostrou que o ganho anual de \u00e1rea florestal no Belize \u00e9 de aproximadamente 11ha (0,01% da \u00e1rea total) e a perda anual de \u00e1rea florestal de 92ha (0,16%).<\/p>\n\n\n\n<p><\/p>\n\n\n\n<div class=\"wp-block-file\"><object class=\"wp-block-file__embed\" data=\"https:\/\/reativarambiental.com.br\/wp-content\/uploads\/2022\/07\/60-378-1-PB.pdf\" type=\"application\/pdf\" style=\"width:100%;height:600px\" aria-label=\"Embed of 60-378-1-PB.\"><\/object><a id=\"wp-block-file--media-63a42f15-0660-4975-818d-64125642554a\" href=\"https:\/\/reativarambiental.com.br\/wp-content\/uploads\/2022\/07\/60-378-1-PB.pdf\">60-378-1-PB<\/a><a href=\"https:\/\/reativarambiental.com.br\/wp-content\/uploads\/2022\/07\/60-378-1-PB.pdf\" class=\"wp-block-file__button\" download aria-describedby=\"wp-block-file--media-63a42f15-0660-4975-818d-64125642554a\">Download<\/a><\/div>\n\n\n\n<p><\/p>\n","protected":false},"excerpt":{"rendered":"<p>Resumo Verifica-se um maior n\u00famero de superf\u00edcie de solo ocupado e florestas em clareiras devido ao aumento de habita\u00e7\u00e3o, campos<\/p>\n","protected":false},"author":2,"featured_media":2106,"comment_status":"open","ping_status":"open","sticky":false,"template":"","format":"standard","meta":{"om_disable_all_campaigns":false,"_monsterinsights_skip_tracking":false,"_monsterinsights_sitenote_active":false,"_monsterinsights_sitenote_note":"","_monsterinsights_sitenote_category":0},"categories":[7,6,22,53,30],"tags":[],"aioseo_notices":[],"_links":{"self":[{"href":"https:\/\/reativarambiental.com.br\/index.php?rest_route=\/wp\/v2\/posts\/2108"}],"collection":[{"href":"https:\/\/reativarambiental.com.br\/index.php?rest_route=\/wp\/v2\/posts"}],"about":[{"href":"https:\/\/reativarambiental.com.br\/index.php?rest_route=\/wp\/v2\/types\/post"}],"author":[{"embeddable":true,"href":"https:\/\/reativarambiental.com.br\/index.php?rest_route=\/wp\/v2\/users\/2"}],"replies":[{"embeddable":true,"href":"https:\/\/reativarambiental.com.br\/index.php?rest_route=%2Fwp%2Fv2%2Fcomments&post=2108"}],"version-history":[{"count":1,"href":"https:\/\/reativarambiental.com.br\/index.php?rest_route=\/wp\/v2\/posts\/2108\/revisions"}],"predecessor-version":[{"id":2110,"href":"https:\/\/reativarambiental.com.br\/index.php?rest_route=\/wp\/v2\/posts\/2108\/revisions\/2110"}],"wp:featuredmedia":[{"embeddable":true,"href":"https:\/\/reativarambiental.com.br\/index.php?rest_route=\/wp\/v2\/media\/2106"}],"wp:attachment":[{"href":"https:\/\/reativarambiental.com.br\/index.php?rest_route=%2Fwp%2Fv2%2Fmedia&parent=2108"}],"wp:term":[{"taxonomy":"category","embeddable":true,"href":"https:\/\/reativarambiental.com.br\/index.php?rest_route=%2Fwp%2Fv2%2Fcategories&post=2108"},{"taxonomy":"post_tag","embeddable":true,"href":"https:\/\/reativarambiental.com.br\/index.php?rest_route=%2Fwp%2Fv2%2Ftags&post=2108"}],"curies":[{"name":"wp","href":"https:\/\/api.w.org\/{rel}","templated":true}]}}