{"id":2115,"date":"2022-07-23T00:02:07","date_gmt":"2022-07-23T00:02:07","guid":{"rendered":"https:\/\/reativarambiental.com.br\/?p=2115"},"modified":"2022-07-23T00:02:09","modified_gmt":"2022-07-23T00:02:09","slug":"mapeamento-do-uso-do-solo-da-subarea-do-endorreico-cubango-okavango-cuando-cubango-angola","status":"publish","type":"post","link":"https:\/\/reativarambiental.com.br\/?p=2115","title":{"rendered":"Mapeamento do uso do solo da sub\u00e1rea do Endorreico Cubango Okavango &#8211; Cuando Cubango (Angola)"},"content":{"rendered":"\n<h4>Resumo<\/h4>\n\n\n\n<p><a href=\"https:\/\/doi.org\/10.5281\/zenodo.6407104\"><\/a><\/p>\n\n\n\n<p><strong>R E S U M O<\/strong><\/p>\n\n\n\n<p>Os estudos voltados para uso e ocupa\u00e7\u00e3o dos solos tornaram-se imprescind\u00edveis para a compreens\u00e3o das formas pelas quais o espa\u00e7o geogr\u00e1fico e a sua vegeta\u00e7\u00e3o est\u00e1 sendo ocupado e explorada. Deste modo, o objetivo foi mapear o uso de ocupa\u00e7\u00e3o do solo da Sub\u00e1rea do Endorreico Cubango-Okavango do Cuando Cubango, com vista a subsidiar melhorias nos \u00e2mbitos de conserva\u00e7\u00e3o ambiental e desenvolvimento socioecon\u00f4mico na regi\u00e3o. A metodologia adotada para o mapeamento do uso de ocupa\u00e7\u00e3o do solo foi a delimita\u00e7\u00e3o do Endorreico Cubango-Okavango georreferenciando, sobreposto e recortada o ficheiro da bacia hidrogr\u00e1fica do Okavango com o ADP do Cuando Cubango e dos rios que o atravessam e por \u00faltimo foi feito a digitaliza\u00e7\u00e3o e mapeamento utilizando software computacional Arcgis 10.5 a composi\u00e7\u00e3o colorida RGB usando as imagens do per\u00edodo 2011 \u00e0 2015 do sat\u00e9lite Landsat-7 ETM + Bands e as imagens do per\u00edodo de 2015 \u00e0 2021 do sat\u00e9lite Landsat-8 OLI and TIRS Bands. Os resultados mostram que o Endorreico Cubango-Okavango ocupa uma \u00e1rea superior a 50% da superf\u00edcie total da prov\u00edncia do Cuando Cubando e apresenta o aumento da predomin\u00e2ncia das classes das savanas de 27,5% \u00e0 29,2% da \u00e1rea total do Endorreico e dessa \u00e1rea levou a ocupa\u00e7\u00e3o das matas tropicais e subtropicais reduzindo dos 15,1% para 12,3% de cobertura florestal.<\/p>\n\n\n\n<p><strong>Palavras-chave:<\/strong>\u00a0Endorreico Cubango-Okavango, Cuando Cubango, uso de ocupa\u00e7\u00e3o do solo, SIG, Sensoriamento remoto.<\/p>\n\n\n\n<div class=\"wp-block-file\"><object class=\"wp-block-file__embed\" data=\"https:\/\/reativarambiental.com.br\/wp-content\/uploads\/2022\/07\/71-440-1-PB.pdf\" type=\"application\/pdf\" style=\"width:100%;height:600px\" aria-label=\"Embed of 71-440-1-PB.\"><\/object><a id=\"wp-block-file--media-46e5059f-3203-4213-a523-dd6d6d07481c\" href=\"https:\/\/reativarambiental.com.br\/wp-content\/uploads\/2022\/07\/71-440-1-PB.pdf\">71-440-1-PB<\/a><a href=\"https:\/\/reativarambiental.com.br\/wp-content\/uploads\/2022\/07\/71-440-1-PB.pdf\" class=\"wp-block-file__button\" download aria-describedby=\"wp-block-file--media-46e5059f-3203-4213-a523-dd6d6d07481c\">Download<\/a><\/div>\n\n\n\n<p><\/p>\n\n\n\n<p><\/p>\n","protected":false},"excerpt":{"rendered":"<p>Resumo R E S U M O Os estudos voltados para uso e ocupa\u00e7\u00e3o dos solos tornaram-se imprescind\u00edveis para a<\/p>\n","protected":false},"author":2,"featured_media":2117,"comment_status":"open","ping_status":"open","sticky":false,"template":"","format":"standard","meta":{"om_disable_all_campaigns":false,"_monsterinsights_skip_tracking":false,"_monsterinsights_sitenote_active":false,"_monsterinsights_sitenote_note":"","_monsterinsights_sitenote_category":0},"categories":[7,6,33,22,53,30],"tags":[],"aioseo_notices":[],"_links":{"self":[{"href":"https:\/\/reativarambiental.com.br\/index.php?rest_route=\/wp\/v2\/posts\/2115"}],"collection":[{"href":"https:\/\/reativarambiental.com.br\/index.php?rest_route=\/wp\/v2\/posts"}],"about":[{"href":"https:\/\/reativarambiental.com.br\/index.php?rest_route=\/wp\/v2\/types\/post"}],"author":[{"embeddable":true,"href":"https:\/\/reativarambiental.com.br\/index.php?rest_route=\/wp\/v2\/users\/2"}],"replies":[{"embeddable":true,"href":"https:\/\/reativarambiental.com.br\/index.php?rest_route=%2Fwp%2Fv2%2Fcomments&post=2115"}],"version-history":[{"count":1,"href":"https:\/\/reativarambiental.com.br\/index.php?rest_route=\/wp\/v2\/posts\/2115\/revisions"}],"predecessor-version":[{"id":2118,"href":"https:\/\/reativarambiental.com.br\/index.php?rest_route=\/wp\/v2\/posts\/2115\/revisions\/2118"}],"wp:featuredmedia":[{"embeddable":true,"href":"https:\/\/reativarambiental.com.br\/index.php?rest_route=\/wp\/v2\/media\/2117"}],"wp:attachment":[{"href":"https:\/\/reativarambiental.com.br\/index.php?rest_route=%2Fwp%2Fv2%2Fmedia&parent=2115"}],"wp:term":[{"taxonomy":"category","embeddable":true,"href":"https:\/\/reativarambiental.com.br\/index.php?rest_route=%2Fwp%2Fv2%2Fcategories&post=2115"},{"taxonomy":"post_tag","embeddable":true,"href":"https:\/\/reativarambiental.com.br\/index.php?rest_route=%2Fwp%2Fv2%2Ftags&post=2115"}],"curies":[{"name":"wp","href":"https:\/\/api.w.org\/{rel}","templated":true}]}}