{"id":2250,"date":"2023-01-15T04:54:14","date_gmt":"2023-01-15T04:54:14","guid":{"rendered":"https:\/\/reativarambiental.com.br\/?p=2250"},"modified":"2023-01-15T04:54:16","modified_gmt":"2023-01-15T04:54:16","slug":"deteccao-de-supressoes-florestais-em-imagens-bitemporais-de-alta-resolucao-no-estado-do-rio-de-janeiro","status":"publish","type":"post","link":"https:\/\/reativarambiental.com.br\/?p=2250","title":{"rendered":"Detec\u00e7\u00e3o de Supress\u00f5es Florestais em Imagens Bitemporais de Alta Resolu\u00e7\u00e3o no Estado do Rio de Janeiro"},"content":{"rendered":"\n<p><a href=\"https:\/\/doi.org\/10.5281\/zenodo.7117868\"><img src=\"https:\/\/zenodo.org\/badge\/DOI\/10.5281\/zenodo.7117868.svg\" alt=\"DOI\" \/><\/a><\/p><p><span id=\"docs-internal-guid-f99e8f66-7fff-78c3-48be-f9e367932a32\"><span>O monitoramento dos ambientes naturais e antropizados auxiliam consideravelmente no planejamento e gest\u00e3o ambiental dessas \u00e1reas, al\u00e9m de contribuir para um melhor entendimento da din\u00e2mica e cobertura do solo. A detec\u00e7\u00e3o de mudan\u00e7as, uma das formas de monitorar o ambiente por Sensoriamento Remoto, considera diferentes m\u00e9todos e t\u00e9cnicas para qualificar e quantificar as transforma\u00e7\u00f5es nas caracter\u00edsticas da cobertura ao longo do tempo. O objetivo do presente trabalho \u00e9 contribuir para a realiza\u00e7\u00e3o do monitoramento de \u00e1reas florestais da Mata Atl\u00e2ntica do estado do Rio de Janeiro por meio da avalia\u00e7\u00e3o de descritores din\u00e2micos criados a partir de imagens bitemporais de alta resolu\u00e7\u00e3o. Essa proposta metodol\u00f3gica se baseia nas diferentes condi\u00e7\u00f5es de relevo, ilumina\u00e7\u00e3o, umidade e degrada\u00e7\u00e3o da Mata Atl\u00e2ntica, al\u00e9m de considerar diferentes fitofisionomias presentes no estado do RJ. Como a detec\u00e7\u00e3o de mudan\u00e7as \u00e9 uma forma bem estabelecida e importante de identificar, mapear e monitorar mudan\u00e7as no espa\u00e7o, amplamente utilizada no monitoramento de ecossistemas, espera-se alcan\u00e7ar a identifica\u00e7\u00e3o de \u00e1reas de supress\u00e3o florestal em escala de grande detalhe. Descritores din\u00e2micos ser\u00e3o constru\u00eddos neste trabalho a partir de \u00edndices encontrados na revis\u00e3o da literatura que tendem a descrever a din\u00e2mica florestal com base nas bandas vis\u00edveis de sensores de alta resolu\u00e7\u00e3o. Este m\u00e9todo difere dos cl\u00e1ssicos por n\u00e3o utilizar a banda do infravermelho pr\u00f3ximo, normalmente indispon\u00edvel a baixo custo, buscando contribuir para a proposi\u00e7\u00e3o de um m\u00e9todo diferenciado que atenda a escala de monitoramento em detalhe.<\/span><\/span><\/p>\n\n\n\n<p><\/p>\n\n\n\n<div class=\"wp-block-file\"><object class=\"wp-block-file__embed\" data=\"https:\/\/reativarambiental.com.br\/wp-content\/uploads\/2023\/01\/83-495-1-PB-1.pdf\" type=\"application\/pdf\" style=\"width:100%;height:600px\" aria-label=\"Embed of 83-495-1-PB-1.\"><\/object><a id=\"wp-block-file--media-a0d55381-44fd-4ba2-b7b0-44b1bc79450b\" href=\"https:\/\/reativarambiental.com.br\/wp-content\/uploads\/2023\/01\/83-495-1-PB-1.pdf\">83-495-1-PB-1<\/a><a href=\"https:\/\/reativarambiental.com.br\/wp-content\/uploads\/2023\/01\/83-495-1-PB-1.pdf\" class=\"wp-block-file__button\" download aria-describedby=\"wp-block-file--media-a0d55381-44fd-4ba2-b7b0-44b1bc79450b\">Download<\/a><\/div>\n","protected":false},"excerpt":{"rendered":"<p>O monitoramento dos ambientes naturais e antropizados auxiliam consideravelmente no planejamento e gest\u00e3o ambiental dessas \u00e1reas, al\u00e9m de contribuir para<\/p>\n","protected":false},"author":2,"featured_media":2252,"comment_status":"open","ping_status":"open","sticky":false,"template":"","format":"standard","meta":{"om_disable_all_campaigns":false,"_monsterinsights_skip_tracking":false,"_monsterinsights_sitenote_active":false,"_monsterinsights_sitenote_note":"","_monsterinsights_sitenote_category":0},"categories":[7,6,22,53,30],"tags":[],"aioseo_notices":[],"_links":{"self":[{"href":"https:\/\/reativarambiental.com.br\/index.php?rest_route=\/wp\/v2\/posts\/2250"}],"collection":[{"href":"https:\/\/reativarambiental.com.br\/index.php?rest_route=\/wp\/v2\/posts"}],"about":[{"href":"https:\/\/reativarambiental.com.br\/index.php?rest_route=\/wp\/v2\/types\/post"}],"author":[{"embeddable":true,"href":"https:\/\/reativarambiental.com.br\/index.php?rest_route=\/wp\/v2\/users\/2"}],"replies":[{"embeddable":true,"href":"https:\/\/reativarambiental.com.br\/index.php?rest_route=%2Fwp%2Fv2%2Fcomments&post=2250"}],"version-history":[{"count":1,"href":"https:\/\/reativarambiental.com.br\/index.php?rest_route=\/wp\/v2\/posts\/2250\/revisions"}],"predecessor-version":[{"id":2253,"href":"https:\/\/reativarambiental.com.br\/index.php?rest_route=\/wp\/v2\/posts\/2250\/revisions\/2253"}],"wp:featuredmedia":[{"embeddable":true,"href":"https:\/\/reativarambiental.com.br\/index.php?rest_route=\/wp\/v2\/media\/2252"}],"wp:attachment":[{"href":"https:\/\/reativarambiental.com.br\/index.php?rest_route=%2Fwp%2Fv2%2Fmedia&parent=2250"}],"wp:term":[{"taxonomy":"category","embeddable":true,"href":"https:\/\/reativarambiental.com.br\/index.php?rest_route=%2Fwp%2Fv2%2Fcategories&post=2250"},{"taxonomy":"post_tag","embeddable":true,"href":"https:\/\/reativarambiental.com.br\/index.php?rest_route=%2Fwp%2Fv2%2Ftags&post=2250"}],"curies":[{"name":"wp","href":"https:\/\/api.w.org\/{rel}","templated":true}]}}