{"id":2254,"date":"2023-01-15T04:56:21","date_gmt":"2023-01-15T04:56:21","guid":{"rendered":"https:\/\/reativarambiental.com.br\/?p=2254"},"modified":"2023-01-15T04:56:22","modified_gmt":"2023-01-15T04:56:22","slug":"analise-de-fragmentos-florestais-por-metrica-de-paisagem-na-microrregiao-de-redencao-no-sudeste-do-para-brasil","status":"publish","type":"post","link":"https:\/\/reativarambiental.com.br\/?p=2254","title":{"rendered":"An\u00e1lise de fragmentos florestais por m\u00e9trica de paisagem na microrregi\u00e3o de reden\u00e7\u00e3o no Sudeste do Par\u00e1 \u2013 Brasil"},"content":{"rendered":"\n<a href=\"https:\/\/doi.org\/10.5281\/zenodo.7117873\"><img src=\"https:\/\/zenodo.org\/badge\/DOI\/10.5281\/zenodo.7117873.svg\" alt=\"DOI\" \/><\/a><p>O aumento da fragmenta\u00e7\u00e3o afeta diretamente as regi\u00f5es como o sudeste do Par\u00e1 pelo chamado arco do desmatamento, causando a substitui\u00e7\u00e3o de vegeta\u00e7\u00e3o por classes como pasto e ou agricultura, que por sua vez aumentam o n\u00famero de \u00e1reas afastada e reduzindo os biomas. O objeto desta pesquisa est\u00e1 em aplicar as ferramentas de sensoriamento remoto e o uso de programas, para monitorar o desmatamento na microrregi\u00e3o de reden\u00e7\u00e3o, por meio de m\u00e9tricas de paisagem. Posteriormente usando o <em>Software Qgis 3.16.14 ltr.<\/em> com o complemento <em>LecoS &#8211; Landscape Ecology Statistics <\/em>definiu como padr\u00e3o de SRC o Sirgas 2000, assim optando pelas m\u00e9tricas de \u00e1rea da classe (Km\u00b2), porcentagem (%), n\u00famero de fragmento (n) e m\u00e9dia da \u00e1rea do fragmento (km\u00b2). A an\u00e1lise indicou que os anos de 1985 a 2000 apresentou perda de vegeta\u00e7\u00e3o de \u00b163,8116% que equivalem a -8.027,8398 km\u00b2, j\u00e1 o aumento de fragmentos 1985 (n=14803) a 2000 (n=21367), para 2010 a 2020 a redu\u00e7\u00e3o foi 380,4714 km\u00b2 (\u00b19,8103%), os fragmentos apresentaram valor adicional de n=2718 (\u00b110,7079%), isso mostra que as parcelas de terras est\u00e3o sendo mais fragmentadas. Por meio das an\u00e1lises, foi poss\u00edvel notar as mudan\u00e7as das fragmenta\u00e7\u00f5es na microrregi\u00e3o diminuindo a classe Forma\u00e7\u00e3o Florestal.<\/p>\n\n\n\n<p><\/p>\n\n\n\n<div class=\"wp-block-file\"><object class=\"wp-block-file__embed\" data=\"https:\/\/reativarambiental.com.br\/wp-content\/uploads\/2023\/01\/85-485-1-PB-1.pdf\" type=\"application\/pdf\" style=\"width:100%;height:600px\" aria-label=\"Embed of 85-485-1-PB-1.\"><\/object><a id=\"wp-block-file--media-edcb7ba5-8b52-42fd-9a2d-ade356529bc7\" href=\"https:\/\/reativarambiental.com.br\/wp-content\/uploads\/2023\/01\/85-485-1-PB-1.pdf\">85-485-1-PB-1<\/a><a href=\"https:\/\/reativarambiental.com.br\/wp-content\/uploads\/2023\/01\/85-485-1-PB-1.pdf\" class=\"wp-block-file__button\" download aria-describedby=\"wp-block-file--media-edcb7ba5-8b52-42fd-9a2d-ade356529bc7\">Download<\/a><\/div>\n","protected":false},"excerpt":{"rendered":"<p>O aumento da fragmenta\u00e7\u00e3o afeta diretamente as regi\u00f5es como o sudeste do Par\u00e1 pelo chamado arco do desmatamento, causando a<\/p>\n","protected":false},"author":2,"featured_media":2256,"comment_status":"open","ping_status":"open","sticky":false,"template":"","format":"standard","meta":{"om_disable_all_campaigns":false,"_monsterinsights_skip_tracking":false,"_monsterinsights_sitenote_active":false,"_monsterinsights_sitenote_note":"","_monsterinsights_sitenote_category":0},"categories":[7,6,22,53,30],"tags":[],"aioseo_notices":[],"_links":{"self":[{"href":"https:\/\/reativarambiental.com.br\/index.php?rest_route=\/wp\/v2\/posts\/2254"}],"collection":[{"href":"https:\/\/reativarambiental.com.br\/index.php?rest_route=\/wp\/v2\/posts"}],"about":[{"href":"https:\/\/reativarambiental.com.br\/index.php?rest_route=\/wp\/v2\/types\/post"}],"author":[{"embeddable":true,"href":"https:\/\/reativarambiental.com.br\/index.php?rest_route=\/wp\/v2\/users\/2"}],"replies":[{"embeddable":true,"href":"https:\/\/reativarambiental.com.br\/index.php?rest_route=%2Fwp%2Fv2%2Fcomments&post=2254"}],"version-history":[{"count":1,"href":"https:\/\/reativarambiental.com.br\/index.php?rest_route=\/wp\/v2\/posts\/2254\/revisions"}],"predecessor-version":[{"id":2257,"href":"https:\/\/reativarambiental.com.br\/index.php?rest_route=\/wp\/v2\/posts\/2254\/revisions\/2257"}],"wp:featuredmedia":[{"embeddable":true,"href":"https:\/\/reativarambiental.com.br\/index.php?rest_route=\/wp\/v2\/media\/2256"}],"wp:attachment":[{"href":"https:\/\/reativarambiental.com.br\/index.php?rest_route=%2Fwp%2Fv2%2Fmedia&parent=2254"}],"wp:term":[{"taxonomy":"category","embeddable":true,"href":"https:\/\/reativarambiental.com.br\/index.php?rest_route=%2Fwp%2Fv2%2Fcategories&post=2254"},{"taxonomy":"post_tag","embeddable":true,"href":"https:\/\/reativarambiental.com.br\/index.php?rest_route=%2Fwp%2Fv2%2Ftags&post=2254"}],"curies":[{"name":"wp","href":"https:\/\/api.w.org\/{rel}","templated":true}]}}