{"id":2258,"date":"2023-01-15T05:02:39","date_gmt":"2023-01-15T05:02:39","guid":{"rendered":"https:\/\/reativarambiental.com.br\/?p=2258"},"modified":"2023-01-15T05:02:40","modified_gmt":"2023-01-15T05:02:40","slug":"analise-da-relacao-entre-a-dinamica-espacial-da-covid-19-em-2021-e-estabelecimentos-comerciais-contribuicoes-do-geoprocessamento","status":"publish","type":"post","link":"https:\/\/reativarambiental.com.br\/?p=2258","title":{"rendered":"An\u00e1lise da rela\u00e7\u00e3o entre a din\u00e2mica espacial da Covid-19 em 2021 e estabelecimentos comerciais: contribui\u00e7\u00f5es do geoprocessamento"},"content":{"rendered":"\n<a href=\"https:\/\/doi.org\/10.5281\/zenodo.7510907\"><img src=\"https:\/\/zenodo.org\/badge\/DOI\/10.5281\/zenodo.7510907.svg\" alt=\"DOI\" \/><\/a><p>O novo coronav\u00edrus se espalhou rapidamente, logo ap\u00f3s seu primeiro caso ser registrado em dezembro de 2019. Demonstrando a necessidade de estudos que auxiliassem nas a\u00e7\u00f5es de preven\u00e7\u00e3o feitas por \u00f3rg\u00e3os p\u00fablicos da sa\u00fade. Neste contexto, o Programa de Extens\u00e3o Geosa\u00fade do Instituto Federal do Rio Grande do Sul, buscando atender a demandas da Secretaria do Munic\u00edpio da Sa\u00fade do Rio Grande, analisou a rela\u00e7\u00e3o entre os casos confirmados de Covid-19 e sua proximidade a estabelecimentos comerciais. Utilizou-se, assim, dados da fiscaliza\u00e7\u00e3o realizada em janeiro de 2021 pela Vigil\u00e2ncia Sanit\u00e1ria a estabelecimentos da localidade S\u00e3o Miguel, regi\u00e3o do munic\u00edpio com grande n\u00famero de contaminados. Os locais que n\u00e3o atendiam aos protocolos de conten\u00e7\u00e3o da Covid-19 foram utilizados na an\u00e1lise. Desta forma, aplicou-se a t\u00e9cnica de Densidade de Kernel, para os casos confirmados nos meses de dezembro (2020), janeiro (2021) e fevereiro (2021), correspondendo ao m\u00eas anterior, durante e ap\u00f3s a fiscaliza\u00e7\u00e3o. Al\u00e9m disso, utilizou-se a ferramenta \u201cdist\u00e2ncia para o ponto central mais pr\u00f3ximo\u201d do QGIS, objetivando medir as dist\u00e2ncias m\u00e9dias entre os casos e os estabelecimentos. Obteve-se como resultado uma redu\u00e7\u00e3o gradual da densidade de casos confirmados ap\u00f3s as visitas da Vigil\u00e2ncia Sanit\u00e1ria. Assim como, verificou-se que, ao longo dos tr\u00eas meses os casos ficavam mais pr\u00f3ximo dos estabelecimento, podendo inferir que houve uma redu\u00e7\u00e3o na dissemina\u00e7\u00e3o de contaminados. Portanto, entende-se que as a\u00e7\u00f5es foram eficientes, pois podem ter auxiliado na redu\u00e7\u00e3o da densidade de casos, bem como influenciado na diminui\u00e7\u00e3o da transmiss\u00e3o do v\u00edrus pelos estabelecimentos comerciais.<\/p>\n\n\n\n<p><\/p>\n\n\n\n<div class=\"wp-block-file\"><object class=\"wp-block-file__embed\" data=\"https:\/\/reativarambiental.com.br\/wp-content\/uploads\/2023\/01\/82-504-1-PB-1.pdf\" type=\"application\/pdf\" style=\"width:100%;height:600px\" aria-label=\"Embed of 82-504-1-PB-1.\"><\/object><a id=\"wp-block-file--media-f616b6ad-13ab-43dc-9f29-027b963b4d20\" href=\"https:\/\/reativarambiental.com.br\/wp-content\/uploads\/2023\/01\/82-504-1-PB-1.pdf\">82-504-1-PB-1<\/a><a href=\"https:\/\/reativarambiental.com.br\/wp-content\/uploads\/2023\/01\/82-504-1-PB-1.pdf\" class=\"wp-block-file__button\" download aria-describedby=\"wp-block-file--media-f616b6ad-13ab-43dc-9f29-027b963b4d20\">Download<\/a><\/div>\n","protected":false},"excerpt":{"rendered":"<p>O novo coronav\u00edrus se espalhou rapidamente, logo ap\u00f3s seu primeiro caso ser registrado em dezembro de 2019. Demonstrando a necessidade<\/p>\n","protected":false},"author":2,"featured_media":2260,"comment_status":"open","ping_status":"open","sticky":false,"template":"","format":"standard","meta":{"om_disable_all_campaigns":false,"_monsterinsights_skip_tracking":false,"_monsterinsights_sitenote_active":false,"_monsterinsights_sitenote_note":"","_monsterinsights_sitenote_category":0},"categories":[7,6,22,53,30],"tags":[],"aioseo_notices":[],"_links":{"self":[{"href":"https:\/\/reativarambiental.com.br\/index.php?rest_route=\/wp\/v2\/posts\/2258"}],"collection":[{"href":"https:\/\/reativarambiental.com.br\/index.php?rest_route=\/wp\/v2\/posts"}],"about":[{"href":"https:\/\/reativarambiental.com.br\/index.php?rest_route=\/wp\/v2\/types\/post"}],"author":[{"embeddable":true,"href":"https:\/\/reativarambiental.com.br\/index.php?rest_route=\/wp\/v2\/users\/2"}],"replies":[{"embeddable":true,"href":"https:\/\/reativarambiental.com.br\/index.php?rest_route=%2Fwp%2Fv2%2Fcomments&post=2258"}],"version-history":[{"count":1,"href":"https:\/\/reativarambiental.com.br\/index.php?rest_route=\/wp\/v2\/posts\/2258\/revisions"}],"predecessor-version":[{"id":2261,"href":"https:\/\/reativarambiental.com.br\/index.php?rest_route=\/wp\/v2\/posts\/2258\/revisions\/2261"}],"wp:featuredmedia":[{"embeddable":true,"href":"https:\/\/reativarambiental.com.br\/index.php?rest_route=\/wp\/v2\/media\/2260"}],"wp:attachment":[{"href":"https:\/\/reativarambiental.com.br\/index.php?rest_route=%2Fwp%2Fv2%2Fmedia&parent=2258"}],"wp:term":[{"taxonomy":"category","embeddable":true,"href":"https:\/\/reativarambiental.com.br\/index.php?rest_route=%2Fwp%2Fv2%2Fcategories&post=2258"},{"taxonomy":"post_tag","embeddable":true,"href":"https:\/\/reativarambiental.com.br\/index.php?rest_route=%2Fwp%2Fv2%2Ftags&post=2258"}],"curies":[{"name":"wp","href":"https:\/\/api.w.org\/{rel}","templated":true}]}}