{"id":2273,"date":"2023-01-15T05:10:24","date_gmt":"2023-01-15T05:10:24","guid":{"rendered":"https:\/\/reativarambiental.com.br\/?p=2273"},"modified":"2023-01-15T05:10:26","modified_gmt":"2023-01-15T05:10:26","slug":"lista-de-doi-rbsr-v-1-n-2-2020","status":"publish","type":"post","link":"https:\/\/reativarambiental.com.br\/?p=2273","title":{"rendered":"Lista de DOI &#8211; RBSR &#8211; V.1, N.2 (2020)"},"content":{"rendered":"\n<p>Silva, B.F., Mayla, L.A., Silva, J.B.S., Silva, A.K.O. (2020). An\u00e1lise espa\u00e7o-temporal do \u00edndice de vegeta\u00e7\u00e3o ajustado ao solo para a bacia hidrogr\u00e1fica do rio Piranhas-A\u00e7u (Rio Grande do Norte\/Para\u00edba).&nbsp;<strong>Revista Brasileira de Sensoriamento Remoto<\/strong>, v.1, n.2, p.02-10. DOI: https:\/\/doi.org\/10.5281\/zenodo.3969101<\/p>\n\n\n\n<p>REGINATO, Vivian da Silva Celestino. Sensoriamento remoto aplicado \u00e0 identifica\u00e7\u00e3o de potencial solar em escalas regionais.&nbsp;<strong>Revista Brasileira de Sensoriamento Remoto<\/strong>, v.1, n.2, p.11-28. DOI: https:\/\/doi.org\/10.5281\/zenodo.4007115<\/p>\n\n\n\n<p>CARVALHO NETO,&nbsp;Luciano Maraj\u00f3 de.&nbsp;Uso e Ocupa\u00e7\u00e3o do solo da \u00c1rea de preserva\u00e7\u00e3o permanente (APP) da microbacia do C\u00f3rrego Barreiro, Uberaba (Minas Gerais) .&nbsp;<strong>Revista Brasileira de Sensoriamento Remoto<\/strong>.&nbsp; v.1, n.2, p.29-41. DOI: https:\/\/doi.org\/10.5281\/zenodo.4460895<\/p>\n\n\n\n<p>FONSECA, R; TAVARES, JR, R; CANDEIAS, A. Programa\u00e7\u00e3o python e \u00edndices f\u00edsicos na detec\u00e7\u00e3o de bordas na Unidade de Conserva\u00e7\u00e3o Parque Estadual Mata Da Pimenteira (Pernambuco).&nbsp;<strong>Revista Brasileira de Sensoriamento Remoto<\/strong>. v.1, n.2, p.42-57. DOI: https:\/\/doi.org\/10.5281\/zenodo.4460899<\/p>\n\n\n\n<p>SILVA, F. S., PESTANA, A. L. M. (2020). Mapeamento da cobertura h\u00eddrica da microrregi\u00e3o da Baixada Maranhense com dados do sensor SAR Sentinel 1A.&nbsp;<strong>Revista Brasileira de Sensoriamento Remoto<\/strong>. v.1, n.2, p.58-71. DOI: https:\/\/doi.org\/10.5281\/zenodo.4460901<\/p>\n\n\n\n<p>LACERDA, Alberto Franco. O estudo de uso e cobertura do solo para a bacia hidrogr\u00e1fica do rio Carinhanha (BA\/MG).&nbsp;<strong>Revista Brasileira de Sensoriamento Remoto<\/strong>. v.1, n.2, p.72-85. DOI: https:\/\/doi.org\/10.5281\/zenodo.4460903<\/p>\n","protected":false},"excerpt":{"rendered":"<p>Silva, B.F., Mayla, L.A., Silva, J.B.S., Silva, A.K.O. (2020). An\u00e1lise espa\u00e7o-temporal do \u00edndice de vegeta\u00e7\u00e3o ajustado ao solo para a<\/p>\n","protected":false},"author":2,"featured_media":0,"comment_status":"open","ping_status":"open","sticky":false,"template":"","format":"standard","meta":{"om_disable_all_campaigns":false,"_monsterinsights_skip_tracking":false,"_monsterinsights_sitenote_active":false,"_monsterinsights_sitenote_note":"","_monsterinsights_sitenote_category":0},"categories":[10],"tags":[],"aioseo_notices":[],"_links":{"self":[{"href":"https:\/\/reativarambiental.com.br\/index.php?rest_route=\/wp\/v2\/posts\/2273"}],"collection":[{"href":"https:\/\/reativarambiental.com.br\/index.php?rest_route=\/wp\/v2\/posts"}],"about":[{"href":"https:\/\/reativarambiental.com.br\/index.php?rest_route=\/wp\/v2\/types\/post"}],"author":[{"embeddable":true,"href":"https:\/\/reativarambiental.com.br\/index.php?rest_route=\/wp\/v2\/users\/2"}],"replies":[{"embeddable":true,"href":"https:\/\/reativarambiental.com.br\/index.php?rest_route=%2Fwp%2Fv2%2Fcomments&post=2273"}],"version-history":[{"count":1,"href":"https:\/\/reativarambiental.com.br\/index.php?rest_route=\/wp\/v2\/posts\/2273\/revisions"}],"predecessor-version":[{"id":2274,"href":"https:\/\/reativarambiental.com.br\/index.php?rest_route=\/wp\/v2\/posts\/2273\/revisions\/2274"}],"wp:attachment":[{"href":"https:\/\/reativarambiental.com.br\/index.php?rest_route=%2Fwp%2Fv2%2Fmedia&parent=2273"}],"wp:term":[{"taxonomy":"category","embeddable":true,"href":"https:\/\/reativarambiental.com.br\/index.php?rest_route=%2Fwp%2Fv2%2Fcategories&post=2273"},{"taxonomy":"post_tag","embeddable":true,"href":"https:\/\/reativarambiental.com.br\/index.php?rest_route=%2Fwp%2Fv2%2Ftags&post=2273"}],"curies":[{"name":"wp","href":"https:\/\/api.w.org\/{rel}","templated":true}]}}