{"id":2279,"date":"2023-01-15T05:12:18","date_gmt":"2023-01-15T05:12:18","guid":{"rendered":"https:\/\/reativarambiental.com.br\/?p=2279"},"modified":"2023-01-15T05:12:20","modified_gmt":"2023-01-15T05:12:20","slug":"lista-de-doi-rbsr-v-2-n-1-2021","status":"publish","type":"post","link":"https:\/\/reativarambiental.com.br\/?p=2279","title":{"rendered":"Lista de DOI &#8211; RBSR &#8211; V.2, N.1 (2021)"},"content":{"rendered":"\n<p>Chaves, E. P., Menezes, C. G. P., Monteiro, A. C., Rocha, R.M., Chaves, E.P.C., &amp; Bibiano, I.S. (2021). Desmatamento induzido pela minera\u00e7\u00e3o: an\u00e1lise espacial no munic\u00edpio de Oriximin\u00e1 (PA).&nbsp;<strong>Revista Brasileira de Sensoriamento Remoto<\/strong>, v.2, n.1, p.02-13.&nbsp;<strong>DOI:<\/strong>&nbsp;https:\/\/doi.org\/10.5281\/zenodo.4743919<\/p>\n\n\n\n<p>Guilherme, A. T., Gomes, D. S., (2021). Confec\u00e7\u00e3o de uma Carta Topogr\u00e1fica articulada na escala 1\/50.000, baseada nos produtos da DSG, com o apoio do Software Livre.&nbsp;<strong>Revista Brasileira de Sensoriamento Remoto<\/strong>, v.2, n.1, p.14-25.&nbsp;<strong>DOI<\/strong>: https:\/\/doi.org\/10.5281\/zenodo.4743924<\/p>\n\n\n\n<p>Amaral, F.G., Cruz, C.B.M., Cardoso, A.B.T. (2021). Descritores din\u00e2micos espectrais e Classifica\u00e7\u00e3o por abordagem h\u00edbrida para estudos de Detec\u00e7\u00e3o de Mudan\u00e7as.&nbsp;<strong>Revista Brasileira de Sensoriamento Remoto<\/strong>, v.2, n.1. 026-041 (2021).&nbsp;<strong>DOI:<\/strong>&nbsp;https:\/\/doi.org\/10.5281\/zenodo.4743928<\/p>\n\n\n\n<p>Chaves, M., Martins, F., Mataveli, G., Concei\u00e7\u00e3o, K., Barros, K., Guerrero, J. (2021). Focos de calor no Cerrado e na Caatinga de Minas Gerais identificados por sensor orbital.&nbsp;<strong>Revista Brasileira de Sensoriamento Remoto<\/strong>, v.2, n.1, p.42-54.&nbsp;<strong>DOI:<\/strong>&nbsp;https:\/\/doi.org\/10.5281\/zenodo.4743931<\/p>\n\n\n\n<p>Concei\u00e7\u00e3o, K., Martins, F., Chaves, M., Mataveli, G., Barros, K., Guerrero, J. (2021). T\u00e9cnica GEOBIA e as mudan\u00e7as na paisagem de \u00e1reas naturais protegidas: estudo de caso no Parque Nacional da Serra da Canastra.&nbsp;<strong>Revista Brasileira de Sensoriamento Remoto<\/strong>, v.2, n.1, p.55-67.&nbsp;<strong>DOI:<\/strong>&nbsp;https:\/\/doi.org\/10.5281\/zenodo.4743935<\/p>\n\n\n\n<p>Carvalho Neto, L.M, &amp; Ramos Filho, R. (2021). An\u00e1lise temporal (2008-2018) do uso e ocupa\u00e7\u00e3o do solo na microbacia do C\u00f3rrego Barreiro, no munic\u00edpio de Uberaba (Minas Gerais). R<strong>evista Brasileira de Sensoriamento Remoto<\/strong>, v.2, n.1, p.68-78.&nbsp;<strong>DOI:<\/strong>&nbsp;https:\/\/doi.org\/10.5281\/zenodo.4743943<\/p>\n","protected":false},"excerpt":{"rendered":"<p>Chaves, E. P., Menezes, C. G. P., Monteiro, A. C., Rocha, R.M., Chaves, E.P.C., &amp; Bibiano, I.S. (2021). Desmatamento induzido<\/p>\n","protected":false},"author":2,"featured_media":0,"comment_status":"open","ping_status":"open","sticky":false,"template":"","format":"standard","meta":{"om_disable_all_campaigns":false,"_monsterinsights_skip_tracking":false,"_monsterinsights_sitenote_active":false,"_monsterinsights_sitenote_note":"","_monsterinsights_sitenote_category":0},"categories":[10],"tags":[],"aioseo_notices":[],"_links":{"self":[{"href":"https:\/\/reativarambiental.com.br\/index.php?rest_route=\/wp\/v2\/posts\/2279"}],"collection":[{"href":"https:\/\/reativarambiental.com.br\/index.php?rest_route=\/wp\/v2\/posts"}],"about":[{"href":"https:\/\/reativarambiental.com.br\/index.php?rest_route=\/wp\/v2\/types\/post"}],"author":[{"embeddable":true,"href":"https:\/\/reativarambiental.com.br\/index.php?rest_route=\/wp\/v2\/users\/2"}],"replies":[{"embeddable":true,"href":"https:\/\/reativarambiental.com.br\/index.php?rest_route=%2Fwp%2Fv2%2Fcomments&post=2279"}],"version-history":[{"count":1,"href":"https:\/\/reativarambiental.com.br\/index.php?rest_route=\/wp\/v2\/posts\/2279\/revisions"}],"predecessor-version":[{"id":2280,"href":"https:\/\/reativarambiental.com.br\/index.php?rest_route=\/wp\/v2\/posts\/2279\/revisions\/2280"}],"wp:attachment":[{"href":"https:\/\/reativarambiental.com.br\/index.php?rest_route=%2Fwp%2Fv2%2Fmedia&parent=2279"}],"wp:term":[{"taxonomy":"category","embeddable":true,"href":"https:\/\/reativarambiental.com.br\/index.php?rest_route=%2Fwp%2Fv2%2Fcategories&post=2279"},{"taxonomy":"post_tag","embeddable":true,"href":"https:\/\/reativarambiental.com.br\/index.php?rest_route=%2Fwp%2Fv2%2Ftags&post=2279"}],"curies":[{"name":"wp","href":"https:\/\/api.w.org\/{rel}","templated":true}]}}