{"id":2281,"date":"2023-01-15T05:12:45","date_gmt":"2023-01-15T05:12:45","guid":{"rendered":"https:\/\/reativarambiental.com.br\/?p=2281"},"modified":"2023-01-15T05:12:46","modified_gmt":"2023-01-15T05:12:46","slug":"lista-de-doi-rbsr-v-2-n-2-2021","status":"publish","type":"post","link":"https:\/\/reativarambiental.com.br\/?p=2281","title":{"rendered":"Lista de DOI &#8211; RBSR &#8211; V.2, N.2 (2021)"},"content":{"rendered":"\n<p>Melo, D. H. C. T. B., Mendon\u00e7a, L. F. F., Santana, J. O., Raimundo, R. D. P. (2021). Evolu\u00e7\u00e3o da observa\u00e7\u00e3o da terra por sensoriamento remoto. Revista Brasileira de Sensoriamento Remoto, v.2, n.2, p.02-24. DOI: https:\/\/doi.org\/10.5281\/zenodo.5120454<\/p>\n\n\n\n<p>Guerrero, J. V. R.; Pestana, L. F. A.; Soares, J. A. H.; Ruiz, I. H.; Moschini, L. E. (2021). Carta de vulnerabilidade natural como instrumento de apoio ao zoneamento ecol\u00f3gico-econ\u00f4mico do munic\u00edpio de Pirassununga (S\u00e3o Paulo). Revista Brasileira de Sensoriamento Remoto, v.2, n.2, p.25-42. DOI: https:\/\/doi.org\/10.5281\/zenodo.5548230<\/p>\n\n\n\n<p>Santos Filho, H., Cornero, C., Pereira, A.(2021). Detec\u00e7\u00e3o autom\u00e1tica da \u00e1rea \u00famida APA de Fazendinha (Macap\u00e1 \u2013 Amap\u00e1) e seu entorno com o uso do complemento Water Plugin e insumos SAR da banda P \/\/ Automatic detection of the wetland APA of Fazendinha (Brazil) and its surroundings with the use of the Water Plugin complement and SAR inputs of the P band. Revista Brasileira de Sensoriamento Remoto, v.2, n.2, p.43-59. DOI: https:\/\/doi.org\/10.5281\/zenodo.5548247<\/p>\n\n\n\n<p>Ribeirinha, P.D., Silva, S.M.L., Sapienza, J.A., Antoun Netto, S\u00e9rgio Orlando (2021). Classifica\u00e7\u00e3o orientada a objeto aplicada \u00e0 caracteriza\u00e7\u00e3o de \u00e1reas de restinga: Caso da Praia do Per\u00f3, Cabo Frio (Rio de Janeiro). Revista Brasileira de Sensoriamento Remoto, v.2, n.2, p.60-78. DOI: https:\/\/doi.org\/10.5281\/zenodo.5548257<\/p>\n\n\n\n<p>Boaventura, L.J.O., Pereira, F.A.C. (2021). Classifica\u00e7\u00e3o e an\u00e1lise de imagens multiespectrais do tri\u00eanio 2018-2020 do bioma Pantanal: caso do Parque Nacional do Pantanal Matrogrossense. Revista Brasileira de Sensoriamento Remoto, v.2, n.2, p.78-98. DOI: https:\/\/doi.org\/10.5281\/zenodo.5548265<\/p>\n\n\n\n<p>De Carvalho Neto, Luciano Maraj\u00f3., Silva, Maria Clara de Andrade Pereira da (2021). Diagn\u00f3stico das \u00c1reas de Preserva\u00e7\u00e3o Permanente na Microbacia do C\u00f3rrego Limo em Uberaba (Minas Gerais). Revista Brasileira de Sensoriamento Remoto, v.2, n.2, p.99-109. DOI: https:\/\/doi.org\/10.5281\/zenodo.5548274<\/p>\n","protected":false},"excerpt":{"rendered":"<p>Melo, D. H. C. T. B., Mendon\u00e7a, L. F. F., Santana, J. O., Raimundo, R. D. P. (2021). Evolu\u00e7\u00e3o da<\/p>\n","protected":false},"author":2,"featured_media":0,"comment_status":"open","ping_status":"open","sticky":false,"template":"","format":"standard","meta":{"om_disable_all_campaigns":false,"_monsterinsights_skip_tracking":false,"_monsterinsights_sitenote_active":false,"_monsterinsights_sitenote_note":"","_monsterinsights_sitenote_category":0},"categories":[10],"tags":[],"aioseo_notices":[],"_links":{"self":[{"href":"https:\/\/reativarambiental.com.br\/index.php?rest_route=\/wp\/v2\/posts\/2281"}],"collection":[{"href":"https:\/\/reativarambiental.com.br\/index.php?rest_route=\/wp\/v2\/posts"}],"about":[{"href":"https:\/\/reativarambiental.com.br\/index.php?rest_route=\/wp\/v2\/types\/post"}],"author":[{"embeddable":true,"href":"https:\/\/reativarambiental.com.br\/index.php?rest_route=\/wp\/v2\/users\/2"}],"replies":[{"embeddable":true,"href":"https:\/\/reativarambiental.com.br\/index.php?rest_route=%2Fwp%2Fv2%2Fcomments&post=2281"}],"version-history":[{"count":1,"href":"https:\/\/reativarambiental.com.br\/index.php?rest_route=\/wp\/v2\/posts\/2281\/revisions"}],"predecessor-version":[{"id":2282,"href":"https:\/\/reativarambiental.com.br\/index.php?rest_route=\/wp\/v2\/posts\/2281\/revisions\/2282"}],"wp:attachment":[{"href":"https:\/\/reativarambiental.com.br\/index.php?rest_route=%2Fwp%2Fv2%2Fmedia&parent=2281"}],"wp:term":[{"taxonomy":"category","embeddable":true,"href":"https:\/\/reativarambiental.com.br\/index.php?rest_route=%2Fwp%2Fv2%2Fcategories&post=2281"},{"taxonomy":"post_tag","embeddable":true,"href":"https:\/\/reativarambiental.com.br\/index.php?rest_route=%2Fwp%2Fv2%2Ftags&post=2281"}],"curies":[{"name":"wp","href":"https:\/\/api.w.org\/{rel}","templated":true}]}}