{"id":2297,"date":"2023-01-15T05:16:36","date_gmt":"2023-01-15T05:16:36","guid":{"rendered":"https:\/\/reativarambiental.com.br\/?p=2297"},"modified":"2023-01-15T05:16:37","modified_gmt":"2023-01-15T05:16:37","slug":"lista-de-doi-rbsr-v-3-n-2-2022","status":"publish","type":"post","link":"https:\/\/reativarambiental.com.br\/?p=2297","title":{"rendered":"Lista de DOI &#8211; RBSR &#8211; V.3, N.2 (2022)"},"content":{"rendered":"\n<p>Bandeira da Silva, C., Gon\u00e7alves Amaral, F., Madureira Cruz, C. (2022). Detec\u00e7\u00e3o de Supress\u00f5es Florestais em Imagens Bitemporais de Alta Resolu\u00e7\u00e3o no Estado do Rio de Janeiro. Revista Brasileira de Sensoriamento Remoto., v.3, n.2, p.01-13. DOI: https:\/\/doi.org\/10.5281\/zenodo.7117868<\/p>\n\n\n\n<p>Garcia, P. S., Garcia, C. S (2022). An\u00e1lise de fragmentos florestais por m\u00e9trica de paisagem na microrregi\u00e3o de reden\u00e7\u00e3o no Sudeste do Par\u00e1 \u2013 Brasil. Revista Brasileira de Sensoriamento Remoto. v.3, n.2, p.14-25. DOI: https:\/\/doi.org\/10.5281\/zenodo.7117873<\/p>\n","protected":false},"excerpt":{"rendered":"<p>Bandeira da Silva, C., Gon\u00e7alves Amaral, F., Madureira Cruz, C. (2022). Detec\u00e7\u00e3o de Supress\u00f5es Florestais em Imagens Bitemporais de Alta<\/p>\n","protected":false},"author":2,"featured_media":0,"comment_status":"open","ping_status":"open","sticky":false,"template":"","format":"standard","meta":{"om_disable_all_campaigns":false,"_monsterinsights_skip_tracking":false,"_monsterinsights_sitenote_active":false,"_monsterinsights_sitenote_note":"","_monsterinsights_sitenote_category":0},"categories":[10,53],"tags":[],"aioseo_notices":[],"_links":{"self":[{"href":"https:\/\/reativarambiental.com.br\/index.php?rest_route=\/wp\/v2\/posts\/2297"}],"collection":[{"href":"https:\/\/reativarambiental.com.br\/index.php?rest_route=\/wp\/v2\/posts"}],"about":[{"href":"https:\/\/reativarambiental.com.br\/index.php?rest_route=\/wp\/v2\/types\/post"}],"author":[{"embeddable":true,"href":"https:\/\/reativarambiental.com.br\/index.php?rest_route=\/wp\/v2\/users\/2"}],"replies":[{"embeddable":true,"href":"https:\/\/reativarambiental.com.br\/index.php?rest_route=%2Fwp%2Fv2%2Fcomments&post=2297"}],"version-history":[{"count":1,"href":"https:\/\/reativarambiental.com.br\/index.php?rest_route=\/wp\/v2\/posts\/2297\/revisions"}],"predecessor-version":[{"id":2298,"href":"https:\/\/reativarambiental.com.br\/index.php?rest_route=\/wp\/v2\/posts\/2297\/revisions\/2298"}],"wp:attachment":[{"href":"https:\/\/reativarambiental.com.br\/index.php?rest_route=%2Fwp%2Fv2%2Fmedia&parent=2297"}],"wp:term":[{"taxonomy":"category","embeddable":true,"href":"https:\/\/reativarambiental.com.br\/index.php?rest_route=%2Fwp%2Fv2%2Fcategories&post=2297"},{"taxonomy":"post_tag","embeddable":true,"href":"https:\/\/reativarambiental.com.br\/index.php?rest_route=%2Fwp%2Fv2%2Ftags&post=2297"}],"curies":[{"name":"wp","href":"https:\/\/api.w.org\/{rel}","templated":true}]}}