{"id":2330,"date":"2023-01-16T20:05:54","date_gmt":"2023-01-16T20:05:54","guid":{"rendered":"https:\/\/reativarambiental.com.br\/?p=2330"},"modified":"2023-01-16T20:05:56","modified_gmt":"2023-01-16T20:05:56","slug":"consideracoes-sobre-a-inclusao-da-educacao-emocional-como-disciplina-escolar-e-reflexoes-sobre-a-evasao-escolar","status":"publish","type":"post","link":"https:\/\/reativarambiental.com.br\/?p=2330","title":{"rendered":"Considera\u00e7\u00f5es sobre a inclus\u00e3o da Educa\u00e7\u00e3o Emocional como disciplina escolar e reflex\u00f5es sobre a evas\u00e3o escolar"},"content":{"rendered":"\n<a href=\"https:\/\/doi.org\/10.5281\/zenodo.7511000\"><img src=\"https:\/\/zenodo.org\/badge\/DOI\/10.5281\/zenodo.7511000.svg\" alt=\"DOI\" \/><\/a><p><strong>R E S U M O <\/strong><\/p><p><strong>\u00a0<\/strong><\/p><p>A Educa\u00e7\u00e3o emocional na vida do estudante \u00e9 fundamental para o aprimoramento do conhecimento. Desta maneira o aluno consegue compreender e relacionar-se, de modo que, se torne importante o seu sentindo das rela\u00e7\u00f5es no \u00e2mbito da sociedade. Portanto, o objetivo deste trabalho visa analisar o conceito e princ\u00edpios da Educa\u00e7\u00e3o Emocional, destacando a import\u00e2ncia de lecion\u00e1-la nos institutos educacionais e acad\u00eamicos para que haja forma\u00e7\u00e3o de qualidade na \u00e1rea psicol\u00f3gica e emocional dos indiv\u00edduos, auxiliando-os a lidar com ang\u00fastias, frustra\u00e7\u00f5es e conflitos de forma saud\u00e1vel no decorrer de sua vida, relacionando tal com a problem\u00e1tica da evas\u00e3o escolar no Brasil. Para tal objetivo, realizou-se um levantamento bibliogr\u00e1fico em artigos cient\u00edficos acad\u00eamicos para fundamentar a pesquisa e encontrar poss\u00edveis resultados acerca da tem\u00e1tica abordada. Desta maneira, os resultados apresentados foram a import\u00e2ncia de incluir como disciplina a educa\u00e7\u00e3o emocional, pois muitas crian\u00e7as, adolescentes e jovens sofrem de problemas de cunho psicol\u00f3gicos que muitas vezes afetam seu desenvolvimento no ambiente escolar, portanto, conclui-se que \u00e9 importante inserir educa\u00e7\u00e3o emocional como disciplina base, visando alternativas para minimizar problemas emocionais e evas\u00e3o escolar.<\/p><p>\u00a0<\/p><p><strong>Palavras-Chaves<\/strong>: Educa\u00e7\u00e3o Emocional; Intelig\u00eancia Emocional; Sa\u00fade Mental.<\/p><p>\u00a0<\/p><p>Considerations about the inclusion of Emotional Education as a school subject and reflections about school evasion<\/p><p>\u00a0<\/p><p><strong>A B S T R A C T<\/strong><\/p><p><strong>\u00a0<\/strong><\/p><pre>Emotional education in the student's life is fundamental for the improvement of knowledge. In this way the student is able to understand and relate, so that his feeling of relationships within society becomes important. The objective of this work is to study the concept and principles of Education, highlighting the importance of education in training institutes and, therefore, the foundations for an understanding of quality in the psychological and emotional area of scientists, with sufferings, frustrations and conflicts of interest. healthy way in the course of his life, relating it to the problem of school dropout in Brazil. For this purpose, a bibliographic survey was carried out on scientific articles and research to find possible results on the topic addressed. In this way, the results presented were presented to include emotional education as a discipline, as many adolescents and young people suffer from emotional education problems that often their development in the school environment is important, therefore, it is concluded that emotional education is a basic discipline, alternatives to minor problems and truancy.<\/pre><p><strong>\u00a0<\/strong><\/p><p class=\"Els-body-text\"><strong>Keywords: <\/strong>Emotional Education; Emotional intelligence; Mental health.<\/p>\n\n\n\n<p><\/p>\n\n\n\n<div class=\"wp-block-file\"><object class=\"wp-block-file__embed\" data=\"https:\/\/reativarambiental.com.br\/wp-content\/uploads\/2023\/01\/92-508-1-PB.pdf\" type=\"application\/pdf\" style=\"width:100%;height:600px\" aria-label=\"Embed of 92-508-1-PB.\"><\/object><a id=\"wp-block-file--media-2896d7ae-d931-478b-8faa-8ac1fdcba604\" href=\"https:\/\/reativarambiental.com.br\/wp-content\/uploads\/2023\/01\/92-508-1-PB.pdf\">92-508-1-PB<\/a><a href=\"https:\/\/reativarambiental.com.br\/wp-content\/uploads\/2023\/01\/92-508-1-PB.pdf\" class=\"wp-block-file__button\" download aria-describedby=\"wp-block-file--media-2896d7ae-d931-478b-8faa-8ac1fdcba604\">Download<\/a><\/div>\n","protected":false},"excerpt":{"rendered":"<p>R E S U M O \u00a0 A Educa\u00e7\u00e3o emocional na vida do estudante \u00e9 fundamental para o aprimoramento do<\/p>\n","protected":false},"author":2,"featured_media":2332,"comment_status":"open","ping_status":"open","sticky":false,"template":"","format":"standard","meta":{"om_disable_all_campaigns":false,"_monsterinsights_skip_tracking":false,"_monsterinsights_sitenote_active":false,"_monsterinsights_sitenote_note":"","_monsterinsights_sitenote_category":0},"categories":[6,50,5],"tags":[],"aioseo_notices":[],"_links":{"self":[{"href":"https:\/\/reativarambiental.com.br\/index.php?rest_route=\/wp\/v2\/posts\/2330"}],"collection":[{"href":"https:\/\/reativarambiental.com.br\/index.php?rest_route=\/wp\/v2\/posts"}],"about":[{"href":"https:\/\/reativarambiental.com.br\/index.php?rest_route=\/wp\/v2\/types\/post"}],"author":[{"embeddable":true,"href":"https:\/\/reativarambiental.com.br\/index.php?rest_route=\/wp\/v2\/users\/2"}],"replies":[{"embeddable":true,"href":"https:\/\/reativarambiental.com.br\/index.php?rest_route=%2Fwp%2Fv2%2Fcomments&post=2330"}],"version-history":[{"count":1,"href":"https:\/\/reativarambiental.com.br\/index.php?rest_route=\/wp\/v2\/posts\/2330\/revisions"}],"predecessor-version":[{"id":2333,"href":"https:\/\/reativarambiental.com.br\/index.php?rest_route=\/wp\/v2\/posts\/2330\/revisions\/2333"}],"wp:featuredmedia":[{"embeddable":true,"href":"https:\/\/reativarambiental.com.br\/index.php?rest_route=\/wp\/v2\/media\/2332"}],"wp:attachment":[{"href":"https:\/\/reativarambiental.com.br\/index.php?rest_route=%2Fwp%2Fv2%2Fmedia&parent=2330"}],"wp:term":[{"taxonomy":"category","embeddable":true,"href":"https:\/\/reativarambiental.com.br\/index.php?rest_route=%2Fwp%2Fv2%2Fcategories&post=2330"},{"taxonomy":"post_tag","embeddable":true,"href":"https:\/\/reativarambiental.com.br\/index.php?rest_route=%2Fwp%2Fv2%2Ftags&post=2330"}],"curies":[{"name":"wp","href":"https:\/\/api.w.org\/{rel}","templated":true}]}}