{"id":2381,"date":"2023-01-17T04:30:07","date_gmt":"2023-01-17T04:30:07","guid":{"rendered":"https:\/\/reativarambiental.com.br\/?p=2381"},"modified":"2023-01-17T04:30:08","modified_gmt":"2023-01-17T04:30:08","slug":"perfil-socioeconomico-de-cortadores-de-cana-de-acucar-no-municipio-de-juripiranga-paraiba-brasil","status":"publish","type":"post","link":"https:\/\/reativarambiental.com.br\/?p=2381","title":{"rendered":"Perfil socioecon\u00f4mico de cortadores de cana-de-a\u00e7\u00facar no munic\u00edpio de Juripiranga (Para\u00edba \u2013 Brasil)"},"content":{"rendered":"\n<p>A cana-de-a\u00e7\u00facar no Brasil permanece em expans\u00e3o, por\u00e9m sua explora\u00e7\u00e3o na regi\u00e3o Nordeste gera a necessidade de m\u00e3o-de-obra, para execu\u00e7\u00e3o de atividades \u00e1rduas que exige muito esfor\u00e7o f\u00edsico por partes dos trabalhadores. O objetivo deste trabalho foi caracterizar o perfil s\u00f3cio econ\u00f4mico de cortadores de cana no munic\u00edpio de Juripiranga-PB. Trata-se de um estudo descritivo a partir da aplica\u00e7\u00e3o de question\u00e1rio semiestruturado. A amostragem foi constitu\u00edda por 81 trabalhadores rurais do corte de cana oriundos do munic\u00edpio de Juripiranga-PB, a pesquisa foi realizada atrav\u00e9s de visita\u00a0<em>in loco,<\/em>\u00a0onde foi aplicado um question\u00e1rio pela equipe. A presen\u00e7a masculina \u00e9 unanime, em fun\u00e7\u00e3o do setor priorizar a m\u00e3o-de-obra masculina nesta regi\u00e3o. S\u00e3o homens de 30 a 45 anos, casados o que promove uma maior seguran\u00e7a por parte dos contratantes. A baixa escolaridade promove depend\u00eancia desse setor como \u00fanica oportunidade local. Entender as condi\u00e7\u00f5es de vida desses atores sociais \u00e9 relevante para compreender o que levou essas pessoas a submeterem a condi\u00e7\u00f5es de risco al\u00e9m de servir como indicador de qualidade de vida, com o proposito de buscar medidas eficientes para melhorar as condi\u00e7\u00f5es de vida desses trabalhadores rurais.<\/p>\n\n\n\n<p><\/p>\n\n\n\n<div class=\"wp-block-file\"><object class=\"wp-block-file__embed\" data=\"https:\/\/reativarambiental.com.br\/wp-content\/uploads\/2023\/01\/28-102-1-PB.pdf\" type=\"application\/pdf\" style=\"width:100%;height:600px\" aria-label=\"Embed of 28-102-1-PB.\"><\/object><a id=\"wp-block-file--media-0b94d3e9-88a0-42ba-ad50-27a5bfdc3ac9\" href=\"https:\/\/reativarambiental.com.br\/wp-content\/uploads\/2023\/01\/28-102-1-PB.pdf\">28-102-1-PB<\/a><a href=\"https:\/\/reativarambiental.com.br\/wp-content\/uploads\/2023\/01\/28-102-1-PB.pdf\" class=\"wp-block-file__button\" download aria-describedby=\"wp-block-file--media-0b94d3e9-88a0-42ba-ad50-27a5bfdc3ac9\">Download<\/a><\/div>\n","protected":false},"excerpt":{"rendered":"<p>A cana-de-a\u00e7\u00facar no Brasil permanece em expans\u00e3o, por\u00e9m sua explora\u00e7\u00e3o na regi\u00e3o Nordeste gera a necessidade de m\u00e3o-de-obra, para execu\u00e7\u00e3o<\/p>\n","protected":false},"author":2,"featured_media":2383,"comment_status":"open","ping_status":"open","sticky":false,"template":"","format":"standard","meta":{"om_disable_all_campaigns":false,"_monsterinsights_skip_tracking":false,"_monsterinsights_sitenote_active":false,"_monsterinsights_sitenote_note":"","_monsterinsights_sitenote_category":0},"categories":[6,33,51,27],"tags":[],"aioseo_notices":[],"_links":{"self":[{"href":"https:\/\/reativarambiental.com.br\/index.php?rest_route=\/wp\/v2\/posts\/2381"}],"collection":[{"href":"https:\/\/reativarambiental.com.br\/index.php?rest_route=\/wp\/v2\/posts"}],"about":[{"href":"https:\/\/reativarambiental.com.br\/index.php?rest_route=\/wp\/v2\/types\/post"}],"author":[{"embeddable":true,"href":"https:\/\/reativarambiental.com.br\/index.php?rest_route=\/wp\/v2\/users\/2"}],"replies":[{"embeddable":true,"href":"https:\/\/reativarambiental.com.br\/index.php?rest_route=%2Fwp%2Fv2%2Fcomments&post=2381"}],"version-history":[{"count":1,"href":"https:\/\/reativarambiental.com.br\/index.php?rest_route=\/wp\/v2\/posts\/2381\/revisions"}],"predecessor-version":[{"id":2384,"href":"https:\/\/reativarambiental.com.br\/index.php?rest_route=\/wp\/v2\/posts\/2381\/revisions\/2384"}],"wp:featuredmedia":[{"embeddable":true,"href":"https:\/\/reativarambiental.com.br\/index.php?rest_route=\/wp\/v2\/media\/2383"}],"wp:attachment":[{"href":"https:\/\/reativarambiental.com.br\/index.php?rest_route=%2Fwp%2Fv2%2Fmedia&parent=2381"}],"wp:term":[{"taxonomy":"category","embeddable":true,"href":"https:\/\/reativarambiental.com.br\/index.php?rest_route=%2Fwp%2Fv2%2Fcategories&post=2381"},{"taxonomy":"post_tag","embeddable":true,"href":"https:\/\/reativarambiental.com.br\/index.php?rest_route=%2Fwp%2Fv2%2Ftags&post=2381"}],"curies":[{"name":"wp","href":"https:\/\/api.w.org\/{rel}","templated":true}]}}