{"id":2442,"date":"2023-01-17T18:42:15","date_gmt":"2023-01-17T18:42:15","guid":{"rendered":"https:\/\/reativarambiental.com.br\/?p=2442"},"modified":"2023-01-17T18:42:16","modified_gmt":"2023-01-17T18:42:16","slug":"analise-da-gestao-e-gerenciamento-de-residuos-solidos-urbanos-em-alcantara-maranhao-brasil","status":"publish","type":"post","link":"https:\/\/reativarambiental.com.br\/?p=2442","title":{"rendered":"An\u00e1lise da gest\u00e3o e gerenciamento de res\u00edduos s\u00f3lidos urbanos em Alc\u00e2ntara (Maranh\u00e3o &#8211; Brasil)"},"content":{"rendered":"\n<p>O consumismo estimulado pelo modo de vida urbano contempor\u00e2neo tem conduzido a uma produ\u00e7\u00e3o de res\u00edduos mais \u00e1gil que sua capacidade de absor\u00e7\u00e3o. O presente estudo objetivou analisar a gest\u00e3o de res\u00edduos s\u00f3lidos urbanos do munic\u00edpio de Alc\u00e2ntara, Maranh\u00e3o. A pesquisa \u00e9 de natureza qualitativa, com levantamento de dados que permitiram analisar a proposta municipal de gest\u00e3o dos res\u00edduos s\u00f3lidos de acordo com lei 12.305\/2010. Os resultados contribuem com proposi\u00e7\u00f5es a partir de um diagn\u00f3stico da realidade para adequa\u00e7\u00e3o \u00e0 pol\u00edtica nacional na busca de alternativas sustent\u00e1veis, desde a coleta at\u00e9 a disposi\u00e7\u00e3o final. Acompanhou-se as atividades da gest\u00e3o municipal desde o segundo semestre de 2017 at\u00e9 o in\u00edcio de 2018, buscando identificar os principais desafios frente as adequa\u00e7\u00f5es devidas \u00e0s exig\u00eancias da lei 12.305, que regulamenta o gerenciamento dos res\u00edduos s\u00f3lidos. O munic\u00edpio tem como atividade mister a elabora\u00e7\u00e3o do Plano Municipal de Gest\u00e3o Integrada de Res\u00edduos S\u00f3lidos; que iniciou em 2017 com o acordo de coopera\u00e7\u00e3o t\u00e9cnica da Funda\u00e7\u00e3o Nacional de Sa\u00fade (Funasa) e Universidade Federal Fluminense (UFF), que al\u00e9m de orientar a elabora\u00e7\u00e3o dos Planos Municipais de Saneamento B\u00e1sico no estado tamb\u00e9m incluiu a elabora\u00e7\u00e3o do Planos Municipal de Gest\u00e3o Integrada de Res\u00edduos S\u00f3lidos (PMGIRS).<\/p>\n\n\n\n<p><\/p>\n\n\n\n<div class=\"wp-block-file\"><object class=\"wp-block-file__embed\" data=\"https:\/\/reativarambiental.com.br\/wp-content\/uploads\/2023\/01\/3-11-2-PB.pdf\" type=\"application\/pdf\" style=\"width:100%;height:600px\" aria-label=\"Embed of 3-11-2-PB.\"><\/object><a id=\"wp-block-file--media-1ca67b7a-e665-4ecb-9d2b-35a468e0365e\" href=\"https:\/\/reativarambiental.com.br\/wp-content\/uploads\/2023\/01\/3-11-2-PB.pdf\">3-11-2-PB<\/a><a href=\"https:\/\/reativarambiental.com.br\/wp-content\/uploads\/2023\/01\/3-11-2-PB.pdf\" class=\"wp-block-file__button\" download aria-describedby=\"wp-block-file--media-1ca67b7a-e665-4ecb-9d2b-35a468e0365e\">Download<\/a><\/div>\n","protected":false},"excerpt":{"rendered":"<p>O consumismo estimulado pelo modo de vida urbano contempor\u00e2neo tem conduzido a uma produ\u00e7\u00e3o de res\u00edduos mais \u00e1gil que sua<\/p>\n","protected":false},"author":2,"featured_media":2444,"comment_status":"open","ping_status":"open","sticky":false,"template":"","format":"standard","meta":{"om_disable_all_campaigns":false,"_monsterinsights_skip_tracking":false,"_monsterinsights_sitenote_active":false,"_monsterinsights_sitenote_note":"","_monsterinsights_sitenote_category":0},"categories":[6,33,51,27],"tags":[],"aioseo_notices":[],"_links":{"self":[{"href":"https:\/\/reativarambiental.com.br\/index.php?rest_route=\/wp\/v2\/posts\/2442"}],"collection":[{"href":"https:\/\/reativarambiental.com.br\/index.php?rest_route=\/wp\/v2\/posts"}],"about":[{"href":"https:\/\/reativarambiental.com.br\/index.php?rest_route=\/wp\/v2\/types\/post"}],"author":[{"embeddable":true,"href":"https:\/\/reativarambiental.com.br\/index.php?rest_route=\/wp\/v2\/users\/2"}],"replies":[{"embeddable":true,"href":"https:\/\/reativarambiental.com.br\/index.php?rest_route=%2Fwp%2Fv2%2Fcomments&post=2442"}],"version-history":[{"count":1,"href":"https:\/\/reativarambiental.com.br\/index.php?rest_route=\/wp\/v2\/posts\/2442\/revisions"}],"predecessor-version":[{"id":2445,"href":"https:\/\/reativarambiental.com.br\/index.php?rest_route=\/wp\/v2\/posts\/2442\/revisions\/2445"}],"wp:featuredmedia":[{"embeddable":true,"href":"https:\/\/reativarambiental.com.br\/index.php?rest_route=\/wp\/v2\/media\/2444"}],"wp:attachment":[{"href":"https:\/\/reativarambiental.com.br\/index.php?rest_route=%2Fwp%2Fv2%2Fmedia&parent=2442"}],"wp:term":[{"taxonomy":"category","embeddable":true,"href":"https:\/\/reativarambiental.com.br\/index.php?rest_route=%2Fwp%2Fv2%2Fcategories&post=2442"},{"taxonomy":"post_tag","embeddable":true,"href":"https:\/\/reativarambiental.com.br\/index.php?rest_route=%2Fwp%2Fv2%2Ftags&post=2442"}],"curies":[{"name":"wp","href":"https:\/\/api.w.org\/{rel}","templated":true}]}}