{"id":2465,"date":"2023-01-17T19:05:00","date_gmt":"2023-01-17T19:05:00","guid":{"rendered":"https:\/\/reativarambiental.com.br\/?p=2465"},"modified":"2023-01-17T19:05:02","modified_gmt":"2023-01-17T19:05:02","slug":"breve-estudo-de-impacto-ambiental-urbano-utilizando-a-matriz-de-checklist-em-um-bairro-da-cidade-do-recife-brasil","status":"publish","type":"post","link":"https:\/\/reativarambiental.com.br\/?p=2465","title":{"rendered":"Breve estudo de Impacto Ambiental urbano utilizando a matriz de checklist em um bairro da cidade do Recife (Brasil)"},"content":{"rendered":"\n<p>Este estudo teve como objetivo principal avaliar, qualitativa e quantitativamente, os impactos ambientais urbanos de um bairro da cidade do Recife-PE. Por meio do m\u00e9todo do\u00a0<em>check-list<\/em>. Foi de relev\u00e2ncia a abordagem dos impactos ambientais, mostrando que existe muitos impactos negativos, ocasionado por a\u00e7\u00f5es antr\u00f3picas, que s\u00e3o percept\u00edveis em v\u00e1rias \u00e1reas do bairro da Iputinga situado na zona Norte do Recife-PE. Registra-se que o fator de maior impacto \u00e9 o descarte inadequado de res\u00edduos s\u00f3lidos que s\u00e3o rejeitados em canais e no leito de rio, aliado a este fator est\u00e1 o esgoto que \u00e9 despejado sem tratamento no Rio Capibaribe.<\/p>\n\n\n\n<p><\/p>\n\n\n\n<div class=\"wp-block-file\"><object class=\"wp-block-file__embed\" data=\"https:\/\/reativarambiental.com.br\/wp-content\/uploads\/2023\/01\/14-57-1-PB.pdf\" type=\"application\/pdf\" style=\"width:100%;height:600px\" aria-label=\"Embed of 14-57-1-PB.\"><\/object><a id=\"wp-block-file--media-61fa261c-1b22-4449-b650-44f216c80292\" href=\"https:\/\/reativarambiental.com.br\/wp-content\/uploads\/2023\/01\/14-57-1-PB.pdf\">14-57-1-PB<\/a><a href=\"https:\/\/reativarambiental.com.br\/wp-content\/uploads\/2023\/01\/14-57-1-PB.pdf\" class=\"wp-block-file__button\" download aria-describedby=\"wp-block-file--media-61fa261c-1b22-4449-b650-44f216c80292\">Download<\/a><\/div>\n","protected":false},"excerpt":{"rendered":"<p>Este estudo teve como objetivo principal avaliar, qualitativa e quantitativamente, os impactos ambientais urbanos de um bairro da cidade do<\/p>\n","protected":false},"author":2,"featured_media":2467,"comment_status":"open","ping_status":"open","sticky":false,"template":"","format":"standard","meta":{"om_disable_all_campaigns":false,"_monsterinsights_skip_tracking":false,"_monsterinsights_sitenote_active":false,"_monsterinsights_sitenote_note":"","_monsterinsights_sitenote_category":0},"categories":[7,6,51,27],"tags":[],"aioseo_notices":[],"_links":{"self":[{"href":"https:\/\/reativarambiental.com.br\/index.php?rest_route=\/wp\/v2\/posts\/2465"}],"collection":[{"href":"https:\/\/reativarambiental.com.br\/index.php?rest_route=\/wp\/v2\/posts"}],"about":[{"href":"https:\/\/reativarambiental.com.br\/index.php?rest_route=\/wp\/v2\/types\/post"}],"author":[{"embeddable":true,"href":"https:\/\/reativarambiental.com.br\/index.php?rest_route=\/wp\/v2\/users\/2"}],"replies":[{"embeddable":true,"href":"https:\/\/reativarambiental.com.br\/index.php?rest_route=%2Fwp%2Fv2%2Fcomments&post=2465"}],"version-history":[{"count":1,"href":"https:\/\/reativarambiental.com.br\/index.php?rest_route=\/wp\/v2\/posts\/2465\/revisions"}],"predecessor-version":[{"id":2468,"href":"https:\/\/reativarambiental.com.br\/index.php?rest_route=\/wp\/v2\/posts\/2465\/revisions\/2468"}],"wp:featuredmedia":[{"embeddable":true,"href":"https:\/\/reativarambiental.com.br\/index.php?rest_route=\/wp\/v2\/media\/2467"}],"wp:attachment":[{"href":"https:\/\/reativarambiental.com.br\/index.php?rest_route=%2Fwp%2Fv2%2Fmedia&parent=2465"}],"wp:term":[{"taxonomy":"category","embeddable":true,"href":"https:\/\/reativarambiental.com.br\/index.php?rest_route=%2Fwp%2Fv2%2Fcategories&post=2465"},{"taxonomy":"post_tag","embeddable":true,"href":"https:\/\/reativarambiental.com.br\/index.php?rest_route=%2Fwp%2Fv2%2Ftags&post=2465"}],"curies":[{"name":"wp","href":"https:\/\/api.w.org\/{rel}","templated":true}]}}