{"id":2561,"date":"2023-01-18T05:08:11","date_gmt":"2023-01-18T05:08:11","guid":{"rendered":"https:\/\/reativarambiental.com.br\/?p=2561"},"modified":"2023-01-18T05:08:13","modified_gmt":"2023-01-18T05:08:13","slug":"banheiro-seco-como-alternativa-sanitaria-e-ecologica-levantamento-das-implementacoes-no-brasil","status":"publish","type":"post","link":"https:\/\/reativarambiental.com.br\/?p=2561","title":{"rendered":"Banheiro seco como alternativa sanit\u00e1ria e ecol\u00f3gica: levantamento das implementa\u00e7\u00f5es no Brasil"},"content":{"rendered":"\n<p>O banheiro seco \u00e9 considerado uma alternativa de saneamento por unir solu\u00e7\u00f5es hidrossanit\u00e1rias sustent\u00e1veis de baixo custo, pois a desigualdade existente no atendimento aos servi\u00e7os de saneamento b\u00e1sico no Brasil corrobora para a busca de novas tecnologias capazes de suprir a demanda existente; todavia, h\u00e1 uma escassez de pesquisas sobre o tema no pa\u00eds. Esse estudo consiste em um<br>levantamento acerca da implementa\u00e7\u00e3o do banheiro seco no Brasil, fomentando a difus\u00e3o de conhecimentos sobre esta tecnologia. Os artigos demonstram viabilidade quanto ao uso, sendo \u00fatil, principalmente, em comunidades sem acesso aos servi\u00e7os b\u00e1sicos de saneamento e que possuem requisitos (espa\u00e7o e interesse) necess\u00e1rios para implementa\u00e7\u00e3o. Al\u00e9m disso, existe a possibilidade de<br>gera\u00e7\u00e3o de renda, j\u00e1 que o sistema resulta em insumos que podem ser utilizados como adubo, minimizando os impactos ambientais e contribuindo para o desenvolvimento social. Todavia, por se tratar de uma tecnologia pouco difundida no Brasil, a literatura analisada indica certa resist\u00eancia da popula\u00e7\u00e3o a princ\u00edpio, demonstrando a necessidade de mais estudos e difus\u00e3o dessa alternativa no pa\u00eds<\/p>\n\n\n\n<p><\/p>\n\n\n\n<div class=\"wp-block-file\"><object class=\"wp-block-file__embed\" data=\"https:\/\/reativarambiental.com.br\/wp-content\/uploads\/2023\/01\/74-302-1-PB.pdf\" type=\"application\/pdf\" style=\"width:100%;height:600px\" aria-label=\"Embed of 74-302-1-PB.\"><\/object><a id=\"wp-block-file--media-3a98de99-750c-4074-80dc-fb868a8e82f9\" href=\"https:\/\/reativarambiental.com.br\/wp-content\/uploads\/2023\/01\/74-302-1-PB.pdf\">74-302-1-PB<\/a><a href=\"https:\/\/reativarambiental.com.br\/wp-content\/uploads\/2023\/01\/74-302-1-PB.pdf\" class=\"wp-block-file__button\" download aria-describedby=\"wp-block-file--media-3a98de99-750c-4074-80dc-fb868a8e82f9\">Download<\/a><\/div>\n","protected":false},"excerpt":{"rendered":"<p>O banheiro seco \u00e9 considerado uma alternativa de saneamento por unir solu\u00e7\u00f5es hidrossanit\u00e1rias sustent\u00e1veis de baixo custo, pois a desigualdade<\/p>\n","protected":false},"author":2,"featured_media":2563,"comment_status":"open","ping_status":"open","sticky":false,"template":"","format":"standard","meta":{"om_disable_all_campaigns":false,"_monsterinsights_skip_tracking":false,"_monsterinsights_sitenote_active":false,"_monsterinsights_sitenote_note":"","_monsterinsights_sitenote_category":0},"categories":[7,6,33,14,51,27],"tags":[],"aioseo_notices":[],"_links":{"self":[{"href":"https:\/\/reativarambiental.com.br\/index.php?rest_route=\/wp\/v2\/posts\/2561"}],"collection":[{"href":"https:\/\/reativarambiental.com.br\/index.php?rest_route=\/wp\/v2\/posts"}],"about":[{"href":"https:\/\/reativarambiental.com.br\/index.php?rest_route=\/wp\/v2\/types\/post"}],"author":[{"embeddable":true,"href":"https:\/\/reativarambiental.com.br\/index.php?rest_route=\/wp\/v2\/users\/2"}],"replies":[{"embeddable":true,"href":"https:\/\/reativarambiental.com.br\/index.php?rest_route=%2Fwp%2Fv2%2Fcomments&post=2561"}],"version-history":[{"count":1,"href":"https:\/\/reativarambiental.com.br\/index.php?rest_route=\/wp\/v2\/posts\/2561\/revisions"}],"predecessor-version":[{"id":2564,"href":"https:\/\/reativarambiental.com.br\/index.php?rest_route=\/wp\/v2\/posts\/2561\/revisions\/2564"}],"wp:featuredmedia":[{"embeddable":true,"href":"https:\/\/reativarambiental.com.br\/index.php?rest_route=\/wp\/v2\/media\/2563"}],"wp:attachment":[{"href":"https:\/\/reativarambiental.com.br\/index.php?rest_route=%2Fwp%2Fv2%2Fmedia&parent=2561"}],"wp:term":[{"taxonomy":"category","embeddable":true,"href":"https:\/\/reativarambiental.com.br\/index.php?rest_route=%2Fwp%2Fv2%2Fcategories&post=2561"},{"taxonomy":"post_tag","embeddable":true,"href":"https:\/\/reativarambiental.com.br\/index.php?rest_route=%2Fwp%2Fv2%2Ftags&post=2561"}],"curies":[{"name":"wp","href":"https:\/\/api.w.org\/{rel}","templated":true}]}}