{"id":2604,"date":"2023-01-18T05:52:07","date_gmt":"2023-01-18T05:52:07","guid":{"rendered":"https:\/\/reativarambiental.com.br\/?p=2604"},"modified":"2023-01-18T05:52:08","modified_gmt":"2023-01-18T05:52:08","slug":"geositios-como-areas-recreativas-parque-nacional-cerro-de-la-estrella-ciudad-de-mexico","status":"publish","type":"post","link":"https:\/\/reativarambiental.com.br\/?p=2604","title":{"rendered":"Geositios como \u00e1reas recreativas, Parque Nacional Cerro de la Estrella, Ciudad de M\u00e9xico"},"content":{"rendered":"\n<p>A conserva\u00e7\u00e3o da natureza no M\u00e9xico passou por v\u00e1rias etapas, produto de suas pr\u00f3prias din\u00e2micas culturais e socioecon\u00f4micas, assim como da influ\u00eancia de tend\u00eancias e concep\u00e7\u00f5es internacionais, atualmente o M\u00e9xico possui \u00c1reas Naturais Protegidas Federais, Estaduais e Municipais (ANP) , comunal, ejidal e privado; grande parte da ANP possui um patrim\u00f4nio geol\u00f3gico e geomorfol\u00f3gico digno de ser valorizado e promovido, como \u00e9 o caso do Parque Nacional Cerro de la Estrella. O decreto do Parque Nacional Cerro de la Estrella (PNCE) tamb\u00e9m surgiu do interesse em proteger o seu potencial tur\u00edstico e recreativo, assim como o valor cultural que a \u00e1rea possui por ter vest\u00edgios arqueol\u00f3gicos de import\u00e2ncia para o estudo da hist\u00f3ria pr\u00e9-hisp\u00e2nica e para o tratamento de um vulc\u00e3o extinto de interesse geol\u00f3gico; no entanto, desde sua cria\u00e7\u00e3o, o parque tem sido uma \u00e1rea perturbada at\u00e9 certo ponto. Geoss\u00edtios ou Geomorfos\u00edtios s\u00e3o estrat\u00e9gias direcionadas para a conserva\u00e7\u00e3o, educa\u00e7\u00e3o, realiza\u00e7\u00e3o de atividades recreativas e desenvolvimento sustent\u00e1vel. Embora em v\u00e1rios pa\u00edses do mundo essas estrat\u00e9gias tenham comprovado sua efic\u00e1cia, no M\u00e9xico seu desenvolvimento \u00e9 incipiente. A presente proposta de Geoss\u00edtio para o Parque Nacional Cerro de la Estrella, tem como objetivo conservar os seus ecossistemas, evitar a sua altera\u00e7\u00e3o, protegendo as esp\u00e9cies da flora e da fauna, end\u00e9micas ou consideradas sob algum esquema de prote\u00e7\u00e3o atrav\u00e9s do refor\u00e7o das atividades recreativas realizadas na \u00e1rea<\/p>\n\n\n\n<p><\/p>\n\n\n\n<div class=\"wp-block-file\"><object class=\"wp-block-file__embed\" data=\"https:\/\/reativarambiental.com.br\/wp-content\/uploads\/2023\/01\/103-642-1-PB.pdf\" type=\"application\/pdf\" style=\"width:100%;height:600px\" aria-label=\"Embed of 103-642-1-PB.\"><\/object><a id=\"wp-block-file--media-75105589-dc95-49b9-b938-54a156743643\" href=\"https:\/\/reativarambiental.com.br\/wp-content\/uploads\/2023\/01\/103-642-1-PB.pdf\">103-642-1-PB<\/a><a href=\"https:\/\/reativarambiental.com.br\/wp-content\/uploads\/2023\/01\/103-642-1-PB.pdf\" class=\"wp-block-file__button\" download aria-describedby=\"wp-block-file--media-75105589-dc95-49b9-b938-54a156743643\">Download<\/a><\/div>\n","protected":false},"excerpt":{"rendered":"<p>A conserva\u00e7\u00e3o da natureza no M\u00e9xico passou por v\u00e1rias etapas, produto de suas pr\u00f3prias din\u00e2micas culturais e socioecon\u00f4micas, assim como<\/p>\n","protected":false},"author":2,"featured_media":2606,"comment_status":"open","ping_status":"open","sticky":false,"template":"","format":"standard","meta":{"om_disable_all_campaigns":false,"_monsterinsights_skip_tracking":false,"_monsterinsights_sitenote_active":false,"_monsterinsights_sitenote_note":"","_monsterinsights_sitenote_category":0},"categories":[6,33,22,51,27],"tags":[],"aioseo_notices":[],"_links":{"self":[{"href":"https:\/\/reativarambiental.com.br\/index.php?rest_route=\/wp\/v2\/posts\/2604"}],"collection":[{"href":"https:\/\/reativarambiental.com.br\/index.php?rest_route=\/wp\/v2\/posts"}],"about":[{"href":"https:\/\/reativarambiental.com.br\/index.php?rest_route=\/wp\/v2\/types\/post"}],"author":[{"embeddable":true,"href":"https:\/\/reativarambiental.com.br\/index.php?rest_route=\/wp\/v2\/users\/2"}],"replies":[{"embeddable":true,"href":"https:\/\/reativarambiental.com.br\/index.php?rest_route=%2Fwp%2Fv2%2Fcomments&post=2604"}],"version-history":[{"count":1,"href":"https:\/\/reativarambiental.com.br\/index.php?rest_route=\/wp\/v2\/posts\/2604\/revisions"}],"predecessor-version":[{"id":2607,"href":"https:\/\/reativarambiental.com.br\/index.php?rest_route=\/wp\/v2\/posts\/2604\/revisions\/2607"}],"wp:featuredmedia":[{"embeddable":true,"href":"https:\/\/reativarambiental.com.br\/index.php?rest_route=\/wp\/v2\/media\/2606"}],"wp:attachment":[{"href":"https:\/\/reativarambiental.com.br\/index.php?rest_route=%2Fwp%2Fv2%2Fmedia&parent=2604"}],"wp:term":[{"taxonomy":"category","embeddable":true,"href":"https:\/\/reativarambiental.com.br\/index.php?rest_route=%2Fwp%2Fv2%2Fcategories&post=2604"},{"taxonomy":"post_tag","embeddable":true,"href":"https:\/\/reativarambiental.com.br\/index.php?rest_route=%2Fwp%2Fv2%2Ftags&post=2604"}],"curies":[{"name":"wp","href":"https:\/\/api.w.org\/{rel}","templated":true}]}}