{"id":2614,"date":"2023-01-18T05:56:12","date_gmt":"2023-01-18T05:56:12","guid":{"rendered":"https:\/\/reativarambiental.com.br\/?p=2614"},"modified":"2023-01-18T05:56:13","modified_gmt":"2023-01-18T05:56:13","slug":"turismo-comunitario-alternativa-incluyente-desde-el-capital-social","status":"publish","type":"post","link":"https:\/\/reativarambiental.com.br\/?p=2614","title":{"rendered":"Turismo comunitario, alternativa incluyente desde el capital social"},"content":{"rendered":"\n<p>La presente investigaci\u00f3n realiza un an\u00e1lisis cr\u00edtico del capital social en las comunidades ind\u00edgenas, su complejidad y aporte a la convivencia comunitaria, para lo cual se expande como el turismo comunitario practicado en estas comunidades desde una mirada hol\u00edstica y la base de un enfoque inclusivo, sustentable y alternativo. respaldado por la hospitalidad, la conservaci\u00f3n y el desarrollo. Para demostrarlo se realiz\u00f3 una muestra de 134 encuestas. El alcance de la investigaci\u00f3n identifica las relaciones que se establecen entre el desarrollo comunitario, el turismo y la participaci\u00f3n local de los pueblos ind\u00edgenas en cinco rincones de la provincia de Chimborazo, pero tambi\u00e9n esta actividad ha mejorado sus condiciones de vida, superando los ingresos generados por las actividades agr\u00edcolas. acciones que siempre se han hecho m\u00e1s mal desde la antig\u00fcedad<\/p>\n\n\n\n<p><\/p>\n\n\n\n<div class=\"wp-block-file\"><object class=\"wp-block-file__embed\" data=\"https:\/\/reativarambiental.com.br\/wp-content\/uploads\/2023\/01\/125-648-2-PB.pdf\" type=\"application\/pdf\" style=\"width:100%;height:600px\" aria-label=\"Embed of 125-648-2-PB.\"><\/object><a id=\"wp-block-file--media-9153a23f-e10f-40d5-888a-4fc471465ed9\" href=\"https:\/\/reativarambiental.com.br\/wp-content\/uploads\/2023\/01\/125-648-2-PB.pdf\">125-648-2-PB<\/a><a href=\"https:\/\/reativarambiental.com.br\/wp-content\/uploads\/2023\/01\/125-648-2-PB.pdf\" class=\"wp-block-file__button\" download aria-describedby=\"wp-block-file--media-9153a23f-e10f-40d5-888a-4fc471465ed9\">Download<\/a><\/div>\n","protected":false},"excerpt":{"rendered":"<p>La presente investigaci\u00f3n realiza un an\u00e1lisis cr\u00edtico del capital social en las comunidades ind\u00edgenas, su complejidad y aporte a la<\/p>\n","protected":false},"author":2,"featured_media":0,"comment_status":"closed","ping_status":"open","sticky":false,"template":"","format":"standard","meta":{"om_disable_all_campaigns":false,"_monsterinsights_skip_tracking":false,"_monsterinsights_sitenote_active":false,"_monsterinsights_sitenote_note":"","_monsterinsights_sitenote_category":0},"categories":[7,6,51,27],"tags":[],"aioseo_notices":[],"_links":{"self":[{"href":"https:\/\/reativarambiental.com.br\/index.php?rest_route=\/wp\/v2\/posts\/2614"}],"collection":[{"href":"https:\/\/reativarambiental.com.br\/index.php?rest_route=\/wp\/v2\/posts"}],"about":[{"href":"https:\/\/reativarambiental.com.br\/index.php?rest_route=\/wp\/v2\/types\/post"}],"author":[{"embeddable":true,"href":"https:\/\/reativarambiental.com.br\/index.php?rest_route=\/wp\/v2\/users\/2"}],"replies":[{"embeddable":true,"href":"https:\/\/reativarambiental.com.br\/index.php?rest_route=%2Fwp%2Fv2%2Fcomments&post=2614"}],"version-history":[{"count":1,"href":"https:\/\/reativarambiental.com.br\/index.php?rest_route=\/wp\/v2\/posts\/2614\/revisions"}],"predecessor-version":[{"id":2616,"href":"https:\/\/reativarambiental.com.br\/index.php?rest_route=\/wp\/v2\/posts\/2614\/revisions\/2616"}],"wp:attachment":[{"href":"https:\/\/reativarambiental.com.br\/index.php?rest_route=%2Fwp%2Fv2%2Fmedia&parent=2614"}],"wp:term":[{"taxonomy":"category","embeddable":true,"href":"https:\/\/reativarambiental.com.br\/index.php?rest_route=%2Fwp%2Fv2%2Fcategories&post=2614"},{"taxonomy":"post_tag","embeddable":true,"href":"https:\/\/reativarambiental.com.br\/index.php?rest_route=%2Fwp%2Fv2%2Ftags&post=2614"}],"curies":[{"name":"wp","href":"https:\/\/api.w.org\/{rel}","templated":true}]}}