{"id":2653,"date":"2023-01-19T05:35:36","date_gmt":"2023-01-19T05:35:36","guid":{"rendered":"https:\/\/reativarambiental.com.br\/?p=2653"},"modified":"2023-01-19T05:35:36","modified_gmt":"2023-01-19T05:35:36","slug":"areas-verdes-na-zona-oeste-do-rio-de-janeiro-patrimonio-ambiental-de-mata-atlantica-green-areas-in-the-west-zone-of-rio-de-janeiro-the-environmental-heritage-of-atlantic-forest","status":"publish","type":"post","link":"https:\/\/reativarambiental.com.br\/?p=2653","title":{"rendered":"\u00c1reas verdes na Zona Oeste do Rio de Janeiro: patrim\u00f4nio ambiental de Mata Atl\u00e2ntica | Green areas in the West Zone of Rio de Janeiro: the environmental heritage of Atlantic Forest"},"content":{"rendered":"\n<p>Este artigo re\u00fane informa\u00e7\u00f5es, caracter\u00edsticas, fotos e dados de pesquisas cient\u00edficas sobre as \u00e1reas verdes do patrim\u00f4nio ambiental da Zona Oeste. A cidade do Rio de Janeiro \u00e9 dividida em \u00c1reas de Planejamento (AP). A AP-5 (Zona Oeste) \u00e9 a regi\u00e3o com maior concen-tra\u00e7\u00e3o populacional do Estado do Rio de Janeiro, com cerca de 50% de cobertura vegetal de bioma Mata Atl\u00e2ntica, com ecossistemas de floresta, restinga e manguezal; apresenta not\u00e1vel beleza c\u00eanica em um conjunto de fatores como maci\u00e7os, praias, cachoeiras e rios. A Zona Oeste foi cen\u00e1rio para eventos hist\u00f3ricos pr\u00e9-coloniais, coloniais at\u00e9 a urbaniza\u00e7\u00e3o e industrializa\u00e7\u00e3o que ocasionou altera\u00e7\u00e3o das \u00e1reas verdes. As \u00e1reas protegidas por lei ambiental na AP-5 s\u00e3o o Parque Estadual da Pedra Branca (PEPB), o Parque Estadual do Mendanha\/Gericin\u00f3 e Parque Natural Municipal do Mendanha, e \u00e1reas de restingas e manguezais que circundam a Ba\u00eda de Sepetiba e Marambaia, dentro da Reserva Biol\u00f3gica de Guaratiba (REBIO) e a RPPN (Reserva Particular do Patrim\u00f4nio Natural) Ana Gonzaga, al\u00e9m de \u00e1reas sobrepostas as citadas. A Floresta de Camboat\u00e1, em Deodoro, tamb\u00e9m foi considerada nesta exposi\u00e7\u00e3o. O objetivo deste trabalho foi fazer um levantamento e sintetizar as informa\u00e7\u00f5es sobre as \u00e1reas verdes da Zona Oeste a partir de dados bibliogr\u00e1ficos e viv\u00eancia&nbsp;<em>in loco<\/em>, al\u00e9m de ilustrar com fotos as paisagens naturais. A proposta contribuiu para divulga\u00e7\u00e3o das \u00e1reas verdes da Zona Oeste, fomentando a import\u00e2ncia de conserva\u00e7\u00e3o ambiental.<\/p>\n\n\n\n<p><strong>Palavras-Chaves<\/strong>: Mata Atl\u00e2ntica, Pedra Branca, Mendanha, Camboat\u00e1, Unidade de Conserva\u00e7\u00e3o, Zona Oeste.<\/p>\n\n\n\n<p>Green areas in the West Zone of Rio de Janeiro: environmental heritage of the Atlantic Fo-rest<\/p>\n\n\n\n<p><strong>A B S T R A C T<\/strong><\/p>\n\n\n\n<p>This article gathers information, characteristics, photos and data from scientific research on the green areas of the environmental heritage of the West Zone. The city of Rio de Janeiro is divided into Planning Areas (AP). AP-5 (West Zone) is the region with the highest population concentration in the State of Rio de Janeiro, containing about 50% of vegetation cover of the Atlantic Forest biome, with forest, sandbank and mangrove ecosystems; presents remarkable scenic beauty in a set of factors such as massifs, beaches, waterfalls and rivers. West Zone was a backdrop for pre-colonial historical events, from colonial to urbanization and industrialization that caused changes in green areas. The areas protected by environmental law in AP-5 are the Pedra Branca State Park (Parque Estadual da Pedra Branca &#8211; PEPB), the Gericin\u00f3-Mendanha State Park (Parque Estadual Gericin\u00f3-Mendanha) and the Mendanha Municipal Natural Park (Parque Natural Municipal do Mendanha \u2013 PNM), and areas of sandbanks and mangroves that surround Sepetiba Bay and Marambaia, within the Guara-tiba Biological Reserve (Reserva Biol\u00f3gica de Guaratiba &#8211; REBIO) and the Private Reserve of Natural Heritage Ana Gonzaga (Reserva Particular do Patrim\u00f4nio Natural Ana Gonzaga), in addition to the areas mentioned above. The Camboat\u00e1 Forest, in Deodoro, was also considered in this exhibition. The objective of this work was to make a survey and synthesize the information about the green areas of the West Zone from bibliographic data and on-site experience, in addition to illustrating the natural landscapes with photos. The proposal contributed to the divulgation of green areas in the West Zone, promoting the importance of environmental conservation<\/p>\n\n\n\n<p><\/p>\n\n\n\n<div class=\"wp-block-file\"><object class=\"wp-block-file__embed\" data=\"https:\/\/reativarambiental.com.br\/wp-content\/uploads\/2023\/01\/130-721-2-PB.pdf\" type=\"application\/pdf\" style=\"width:100%;height:600px\" aria-label=\"Embed of 130-721-2-PB.\"><\/object><a id=\"wp-block-file--media-dfec7d43-5a5e-4043-a00b-e85e5a7c7d8a\" href=\"https:\/\/reativarambiental.com.br\/wp-content\/uploads\/2023\/01\/130-721-2-PB.pdf\">130-721-2-PB<\/a><a href=\"https:\/\/reativarambiental.com.br\/wp-content\/uploads\/2023\/01\/130-721-2-PB.pdf\" class=\"wp-block-file__button\" download aria-describedby=\"wp-block-file--media-dfec7d43-5a5e-4043-a00b-e85e5a7c7d8a\">Download<\/a><\/div>\n","protected":false},"excerpt":{"rendered":"<p>Este artigo re\u00fane informa\u00e7\u00f5es, caracter\u00edsticas, fotos e dados de pesquisas cient\u00edficas sobre as \u00e1reas verdes do patrim\u00f4nio ambiental da Zona<\/p>\n","protected":false},"author":2,"featured_media":2655,"comment_status":"closed","ping_status":"open","sticky":false,"template":"","format":"standard","meta":{"om_disable_all_campaigns":false,"_monsterinsights_skip_tracking":false,"_monsterinsights_sitenote_active":false,"_monsterinsights_sitenote_note":"","_monsterinsights_sitenote_category":0},"categories":[7,6,33,14,51,27,9],"tags":[],"aioseo_notices":[],"_links":{"self":[{"href":"https:\/\/reativarambiental.com.br\/index.php?rest_route=\/wp\/v2\/posts\/2653"}],"collection":[{"href":"https:\/\/reativarambiental.com.br\/index.php?rest_route=\/wp\/v2\/posts"}],"about":[{"href":"https:\/\/reativarambiental.com.br\/index.php?rest_route=\/wp\/v2\/types\/post"}],"author":[{"embeddable":true,"href":"https:\/\/reativarambiental.com.br\/index.php?rest_route=\/wp\/v2\/users\/2"}],"replies":[{"embeddable":true,"href":"https:\/\/reativarambiental.com.br\/index.php?rest_route=%2Fwp%2Fv2%2Fcomments&post=2653"}],"version-history":[{"count":1,"href":"https:\/\/reativarambiental.com.br\/index.php?rest_route=\/wp\/v2\/posts\/2653\/revisions"}],"predecessor-version":[{"id":2656,"href":"https:\/\/reativarambiental.com.br\/index.php?rest_route=\/wp\/v2\/posts\/2653\/revisions\/2656"}],"wp:featuredmedia":[{"embeddable":true,"href":"https:\/\/reativarambiental.com.br\/index.php?rest_route=\/wp\/v2\/media\/2655"}],"wp:attachment":[{"href":"https:\/\/reativarambiental.com.br\/index.php?rest_route=%2Fwp%2Fv2%2Fmedia&parent=2653"}],"wp:term":[{"taxonomy":"category","embeddable":true,"href":"https:\/\/reativarambiental.com.br\/index.php?rest_route=%2Fwp%2Fv2%2Fcategories&post=2653"},{"taxonomy":"post_tag","embeddable":true,"href":"https:\/\/reativarambiental.com.br\/index.php?rest_route=%2Fwp%2Fv2%2Ftags&post=2653"}],"curies":[{"name":"wp","href":"https:\/\/api.w.org\/{rel}","templated":true}]}}