{"id":2657,"date":"2023-01-19T18:21:28","date_gmt":"2023-01-19T18:21:28","guid":{"rendered":"https:\/\/reativarambiental.com.br\/?p=2657"},"modified":"2023-01-19T18:21:29","modified_gmt":"2023-01-19T18:21:29","slug":"um-ensaio-sobre-a-responsabilidade-ambiental","status":"publish","type":"post","link":"https:\/\/reativarambiental.com.br\/?p=2657","title":{"rendered":"Um ensaio sobre a Responsabilidade Ambiental"},"content":{"rendered":"\n<p>Este ensaio \u00e9 um dos resultados da execu\u00e7\u00e3o de um projeto de pesquisa intitulado\u00a0<em>Filosofia e Fic\u00e7\u00e3o:\u00a0<\/em>o humano como projeto<em>.\u00a0<\/em>Executado com aux\u00edlio financeiro do CNPq, atrav\u00e9s da institui\u00e7\u00e3o dos autores, o projeto buscou aprofundar a compreens\u00e3o das origens e os desdobramentos das formas culturais de concep\u00e7\u00e3o do meio ambiente que t\u00eam conduzido a produ\u00e7\u00e3o e o consumo \u00e0 um cen\u00e1rio de crise de recursos. Assim, enquanto um ensaio, esse texto recorre a um conjunto de elementos te\u00f3ricos examinados de um ponto de vista filos\u00f3fico &#8211; com mais \u00eanfase naqueles abordados pelo filosofo alem\u00e3o Hans Jonas, mas n\u00e3o exclusivamente \u2013 ao mesmo tempo em que compara e elabora os argumentos oriundos das teorias da \u00c9tica ambiental com algumas fontes n\u00e3o te\u00f3ricas da cultura, notadamente a fic\u00e7\u00e3o cinematogr\u00e1fica. O recurso ao cinema se justifica na medida em que ele tem sido, ao longo do seu desenvolvimento, um grande laborat\u00f3rio de experimenta\u00e7\u00e3o e de proje\u00e7\u00e3o de experi\u00eancias. O objetivo desse ensaio \u00e9 apontar para a necessidade e para as dificuldades da elabora\u00e7\u00e3o de uma \u00e9tica ambiental capaz de fazer frente aos desafios contempor\u00e2neos<\/p>\n\n\n\n<p><\/p>\n\n\n\n<div class=\"wp-block-file\"><object class=\"wp-block-file__embed\" data=\"https:\/\/reativarambiental.com.br\/wp-content\/uploads\/2023\/01\/108-782-1-PB.pdf\" type=\"application\/pdf\" style=\"width:100%;height:600px\" aria-label=\"Embed of 108-782-1-PB.\"><\/object><a id=\"wp-block-file--media-34897c33-f49c-42f8-98e4-c2f463fe9237\" href=\"https:\/\/reativarambiental.com.br\/wp-content\/uploads\/2023\/01\/108-782-1-PB.pdf\">108-782-1-PB<\/a><a href=\"https:\/\/reativarambiental.com.br\/wp-content\/uploads\/2023\/01\/108-782-1-PB.pdf\" class=\"wp-block-file__button\" download aria-describedby=\"wp-block-file--media-34897c33-f49c-42f8-98e4-c2f463fe9237\">Download<\/a><\/div>\n","protected":false},"excerpt":{"rendered":"<p>Este ensaio \u00e9 um dos resultados da execu\u00e7\u00e3o de um projeto de pesquisa intitulado\u00a0Filosofia e Fic\u00e7\u00e3o:\u00a0o humano como projeto.\u00a0Executado com<\/p>\n","protected":false},"author":2,"featured_media":0,"comment_status":"closed","ping_status":"open","sticky":false,"template":"","format":"standard","meta":{"om_disable_all_campaigns":false,"_monsterinsights_skip_tracking":false,"_monsterinsights_sitenote_active":false,"_monsterinsights_sitenote_note":"","_monsterinsights_sitenote_category":0},"categories":[6,33,51,27,10],"tags":[],"aioseo_notices":[],"_links":{"self":[{"href":"https:\/\/reativarambiental.com.br\/index.php?rest_route=\/wp\/v2\/posts\/2657"}],"collection":[{"href":"https:\/\/reativarambiental.com.br\/index.php?rest_route=\/wp\/v2\/posts"}],"about":[{"href":"https:\/\/reativarambiental.com.br\/index.php?rest_route=\/wp\/v2\/types\/post"}],"author":[{"embeddable":true,"href":"https:\/\/reativarambiental.com.br\/index.php?rest_route=\/wp\/v2\/users\/2"}],"replies":[{"embeddable":true,"href":"https:\/\/reativarambiental.com.br\/index.php?rest_route=%2Fwp%2Fv2%2Fcomments&post=2657"}],"version-history":[{"count":1,"href":"https:\/\/reativarambiental.com.br\/index.php?rest_route=\/wp\/v2\/posts\/2657\/revisions"}],"predecessor-version":[{"id":2659,"href":"https:\/\/reativarambiental.com.br\/index.php?rest_route=\/wp\/v2\/posts\/2657\/revisions\/2659"}],"wp:attachment":[{"href":"https:\/\/reativarambiental.com.br\/index.php?rest_route=%2Fwp%2Fv2%2Fmedia&parent=2657"}],"wp:term":[{"taxonomy":"category","embeddable":true,"href":"https:\/\/reativarambiental.com.br\/index.php?rest_route=%2Fwp%2Fv2%2Fcategories&post=2657"},{"taxonomy":"post_tag","embeddable":true,"href":"https:\/\/reativarambiental.com.br\/index.php?rest_route=%2Fwp%2Fv2%2Ftags&post=2657"}],"curies":[{"name":"wp","href":"https:\/\/api.w.org\/{rel}","templated":true}]}}