{"id":2664,"date":"2023-01-19T18:35:02","date_gmt":"2023-01-19T18:35:02","guid":{"rendered":"https:\/\/reativarambiental.com.br\/?p=2664"},"modified":"2023-01-19T18:35:04","modified_gmt":"2023-01-19T18:35:04","slug":"compactacao-e-seus-efeitos-sobre-o-funcionamento-do-solo-e-a-absorcao-de-nutrientes-pelas-plantas-uma-revisao-bibliografica","status":"publish","type":"post","link":"https:\/\/reativarambiental.com.br\/?p=2664","title":{"rendered":"Compacta\u00e7\u00e3o e seus efeitos sobre o funcionamento do solo e a absor\u00e7\u00e3o de nutrientes pelas plantas: Uma revis\u00e3o bibliogr\u00e1fica"},"content":{"rendered":"\n<p><a href=\"https:\/\/doi.org\/10.5281\/zenodo.5118287\"><img src=\"https:\/\/zenodo.org\/badge\/DOI\/10.5281\/zenodo.5118287.svg\" alt=\"DOI\" \/><\/a> \u00a0<\/p><p>A compacta\u00e7\u00e3o \u00e9 uma das principais causas de degrada\u00e7\u00e3o f\u00edsica dos solos agr\u00edcolas em escala global. O aumento de densidade e eleva\u00e7\u00e3o no grau de compacta\u00e7\u00e3o tendem a reduzir a densidade e volume de ra\u00edzes al\u00e9m de interferir na disponibilidade de nutrientes para as plantas. Dessa forma, esta revis\u00e3o bibliogr\u00e1fica teve como objetivo levantar informa\u00e7\u00f5es acerca dos efeitos da compacta\u00e7\u00e3o e ou alagamento do solo sobre a absor\u00e7\u00e3o de elementos minerais pelas plantas. Levantamento de dados foram realizados nas principais bases indexadoras a n\u00edvel nacional e internacional. A compacta\u00e7\u00e3o do solo e o alagamento interferem diretamente na absor\u00e7\u00e3o de elementos minerais pelas plantas, pois comprometem o funcionamento f\u00edsico do solo, impedindo o crescimento das ra\u00edzes. O estresse f\u00edsico eleva a produ\u00e7\u00e3o de \u00e1cido absc\u00edsico pelas ra\u00edzes das plantas e, tem como consequ\u00eancia \u00e0 redu\u00e7\u00e3o na \u00e1rea foliar. Elementos como P e K s\u00e3o absorvidos pelas plantas pelo processo de difus\u00e3o, ent\u00e3o, qualquer modifica\u00e7\u00e3o na estrutura do solo ir\u00e1 refletir na baixa disponibilidade. Dentre as lacunas existe car\u00eancia de estudos sobre o efeito da compacta\u00e7\u00e3o do solo nas camadas abaixo de 40 cm ou em perfil at\u00e9 1,0 m de profundidade.<\/p><p>\u00a0<\/p><p><strong>Palavras-Chaves<\/strong>: Resist\u00eancia \u00e0 penetra\u00e7\u00e3o, Nutri\u00e7\u00e3o vegetal, Morfofisiologia radicular.<\/p>\n\n\n\n<p><\/p>\n\n\n\n<div class=\"wp-block-file\"><object class=\"wp-block-file__embed\" data=\"https:\/\/reativarambiental.com.br\/wp-content\/uploads\/2023\/01\/119-749-1-PB.pdf\" type=\"application\/pdf\" style=\"width:100%;height:600px\" aria-label=\"Embed of 119-749-1-PB.\"><\/object><a id=\"wp-block-file--media-73fed9d3-b897-4455-995d-76be4b875e06\" href=\"https:\/\/reativarambiental.com.br\/wp-content\/uploads\/2023\/01\/119-749-1-PB.pdf\">119-749-1-PB<\/a><a href=\"https:\/\/reativarambiental.com.br\/wp-content\/uploads\/2023\/01\/119-749-1-PB.pdf\" class=\"wp-block-file__button\" download aria-describedby=\"wp-block-file--media-73fed9d3-b897-4455-995d-76be4b875e06\">Download<\/a><\/div>\n","protected":false},"excerpt":{"rendered":"<p>\u00a0 A compacta\u00e7\u00e3o \u00e9 uma das principais causas de degrada\u00e7\u00e3o f\u00edsica dos solos agr\u00edcolas em escala global. O aumento de<\/p>\n","protected":false},"author":2,"featured_media":2666,"comment_status":"closed","ping_status":"open","sticky":false,"template":"","format":"standard","meta":{"om_disable_all_campaigns":false,"_monsterinsights_skip_tracking":false,"_monsterinsights_sitenote_active":false,"_monsterinsights_sitenote_note":"","_monsterinsights_sitenote_category":0},"categories":[6,33,14,51,27],"tags":[],"aioseo_notices":[],"_links":{"self":[{"href":"https:\/\/reativarambiental.com.br\/index.php?rest_route=\/wp\/v2\/posts\/2664"}],"collection":[{"href":"https:\/\/reativarambiental.com.br\/index.php?rest_route=\/wp\/v2\/posts"}],"about":[{"href":"https:\/\/reativarambiental.com.br\/index.php?rest_route=\/wp\/v2\/types\/post"}],"author":[{"embeddable":true,"href":"https:\/\/reativarambiental.com.br\/index.php?rest_route=\/wp\/v2\/users\/2"}],"replies":[{"embeddable":true,"href":"https:\/\/reativarambiental.com.br\/index.php?rest_route=%2Fwp%2Fv2%2Fcomments&post=2664"}],"version-history":[{"count":1,"href":"https:\/\/reativarambiental.com.br\/index.php?rest_route=\/wp\/v2\/posts\/2664\/revisions"}],"predecessor-version":[{"id":2667,"href":"https:\/\/reativarambiental.com.br\/index.php?rest_route=\/wp\/v2\/posts\/2664\/revisions\/2667"}],"wp:featuredmedia":[{"embeddable":true,"href":"https:\/\/reativarambiental.com.br\/index.php?rest_route=\/wp\/v2\/media\/2666"}],"wp:attachment":[{"href":"https:\/\/reativarambiental.com.br\/index.php?rest_route=%2Fwp%2Fv2%2Fmedia&parent=2664"}],"wp:term":[{"taxonomy":"category","embeddable":true,"href":"https:\/\/reativarambiental.com.br\/index.php?rest_route=%2Fwp%2Fv2%2Fcategories&post=2664"},{"taxonomy":"post_tag","embeddable":true,"href":"https:\/\/reativarambiental.com.br\/index.php?rest_route=%2Fwp%2Fv2%2Ftags&post=2664"}],"curies":[{"name":"wp","href":"https:\/\/api.w.org\/{rel}","templated":true}]}}