{"id":2708,"date":"2023-01-19T19:55:37","date_gmt":"2023-01-19T19:55:37","guid":{"rendered":"https:\/\/reativarambiental.com.br\/?p=2708"},"modified":"2023-01-19T19:55:37","modified_gmt":"2023-01-19T19:55:37","slug":"saneamento-basico-e-a-relacao-intrinseca-com-o-desenvolvimento-sustentavel-um-desafio-frente-a-desigualdade-socioeconomica-na-regiao-norte","status":"publish","type":"post","link":"https:\/\/reativarambiental.com.br\/?p=2708","title":{"rendered":"Saneamento b\u00e1sico e a rela\u00e7\u00e3o intr\u00ednseca com o desenvolvimento sustent\u00e1vel: um desafio frente \u00e0 desigualdade socioecon\u00f4mica na Regi\u00e3o Norte"},"content":{"rendered":"\n<p><a href=\"https:\/\/doi.org\/10.5281\/zenodo.5118471\"><img src=\"https:\/\/zenodo.org\/badge\/DOI\/10.5281\/zenodo.5118471.svg\" alt=\"DOI\" \/><\/a>\u00a0<\/p><p>Visto o d\u00e9ficit na distribui\u00e7\u00e3o igualit\u00e1ria dos servi\u00e7os de saneamento b\u00e1sico \u00e0 popula\u00e7\u00e3o nortista, o estudo objetivou analisar os fatores e as consequ\u00eancias, que tornam a desigualdade do acesso ao saneamento b\u00e1sico no Brasil uma problem\u00e1tica pass\u00edvel de discuss\u00e3o. O artigo contar\u00e1 com uma an\u00e1lise cr\u00edtica, atrav\u00e9s de um paralelo jur\u00eddico-social, para identificar os abismos sociais causados pelas car\u00eancias da efetiva\u00e7\u00e3o de pol\u00edticas p\u00fablicas que inviabilizam o gozo do direito b\u00e1sico garantido pela legisla\u00e7\u00e3o. Com isso, a an\u00e1lise ser\u00e1 feita atrav\u00e9s de uma revis\u00e3o bibliogr\u00e1fica em revistas, artigos e outros trabalhos acad\u00eamicos acerca do tema e, com o m\u00e9todo cr\u00edtico-reflexivo ser\u00e1 discutido se o acesso ao saneamento b\u00e1sico ocorre de forma integral e universal na Regi\u00e3o Norte.<\/p>\n\n\n\n<p><\/p>\n\n\n\n<div class=\"wp-block-file\"><object class=\"wp-block-file__embed\" data=\"https:\/\/reativarambiental.com.br\/wp-content\/uploads\/2023\/01\/144-922-1-PB.pdf\" type=\"application\/pdf\" style=\"width:100%;height:600px\" aria-label=\"Embed of 144-922-1-PB.\"><\/object><a id=\"wp-block-file--media-0c0ee002-8942-4571-b05b-c9b4d955d68d\" href=\"https:\/\/reativarambiental.com.br\/wp-content\/uploads\/2023\/01\/144-922-1-PB.pdf\">144-922-1-PB<\/a><a href=\"https:\/\/reativarambiental.com.br\/wp-content\/uploads\/2023\/01\/144-922-1-PB.pdf\" class=\"wp-block-file__button\" download aria-describedby=\"wp-block-file--media-0c0ee002-8942-4571-b05b-c9b4d955d68d\">Download<\/a><\/div>\n","protected":false},"excerpt":{"rendered":"<p>\u00a0 Visto o d\u00e9ficit na distribui\u00e7\u00e3o igualit\u00e1ria dos servi\u00e7os de saneamento b\u00e1sico \u00e0 popula\u00e7\u00e3o nortista, o estudo objetivou analisar os<\/p>\n","protected":false},"author":2,"featured_media":2710,"comment_status":"closed","ping_status":"open","sticky":false,"template":"","format":"standard","meta":{"om_disable_all_campaigns":false,"_monsterinsights_skip_tracking":false,"_monsterinsights_sitenote_active":false,"_monsterinsights_sitenote_note":"","_monsterinsights_sitenote_category":0},"categories":[6,33,51,27],"tags":[],"aioseo_notices":[],"_links":{"self":[{"href":"https:\/\/reativarambiental.com.br\/index.php?rest_route=\/wp\/v2\/posts\/2708"}],"collection":[{"href":"https:\/\/reativarambiental.com.br\/index.php?rest_route=\/wp\/v2\/posts"}],"about":[{"href":"https:\/\/reativarambiental.com.br\/index.php?rest_route=\/wp\/v2\/types\/post"}],"author":[{"embeddable":true,"href":"https:\/\/reativarambiental.com.br\/index.php?rest_route=\/wp\/v2\/users\/2"}],"replies":[{"embeddable":true,"href":"https:\/\/reativarambiental.com.br\/index.php?rest_route=%2Fwp%2Fv2%2Fcomments&post=2708"}],"version-history":[{"count":1,"href":"https:\/\/reativarambiental.com.br\/index.php?rest_route=\/wp\/v2\/posts\/2708\/revisions"}],"predecessor-version":[{"id":2711,"href":"https:\/\/reativarambiental.com.br\/index.php?rest_route=\/wp\/v2\/posts\/2708\/revisions\/2711"}],"wp:featuredmedia":[{"embeddable":true,"href":"https:\/\/reativarambiental.com.br\/index.php?rest_route=\/wp\/v2\/media\/2710"}],"wp:attachment":[{"href":"https:\/\/reativarambiental.com.br\/index.php?rest_route=%2Fwp%2Fv2%2Fmedia&parent=2708"}],"wp:term":[{"taxonomy":"category","embeddable":true,"href":"https:\/\/reativarambiental.com.br\/index.php?rest_route=%2Fwp%2Fv2%2Fcategories&post=2708"},{"taxonomy":"post_tag","embeddable":true,"href":"https:\/\/reativarambiental.com.br\/index.php?rest_route=%2Fwp%2Fv2%2Ftags&post=2708"}],"curies":[{"name":"wp","href":"https:\/\/api.w.org\/{rel}","templated":true}]}}