{"id":2840,"date":"2023-01-21T01:45:37","date_gmt":"2023-01-21T01:45:37","guid":{"rendered":"https:\/\/reativarambiental.com.br\/?p=2840"},"modified":"2023-01-21T01:45:38","modified_gmt":"2023-01-21T01:45:38","slug":"simbiose-entre-urbanizacao-e-o-surgimento-de-animais-silvestres-na-cidade-de-belem-para","status":"publish","type":"post","link":"https:\/\/reativarambiental.com.br\/?p=2840","title":{"rendered":"Simbiose entre urbaniza\u00e7\u00e3o e o surgimento de animais silvestres na cidade de Bel\u00e9m (Par\u00e1)"},"content":{"rendered":"\n<a href=\"https:\/\/doi.org\/10.5281\/zenodo.7511251\"><img src=\"https:\/\/zenodo.org\/badge\/DOI\/10.5281\/zenodo.7511251.svg\" alt=\"DOI\" \/><\/a><p>O presente artigo enfoca alguns fatores antropog\u00eanicos da geopol\u00edtica da Amaz\u00f4nia paraense, em especial da produ\u00e7\u00e3o do espa\u00e7o na cidade de Bel\u00e9m, capital do estado do Par\u00e1, as quais criaram condi\u00e7\u00f5es favor\u00e1veis para a instala\u00e7\u00e3o de empreendimentos capitalizados e abriram as fronteiras da regi\u00e3o ao capital, sob o discurso do desenvolvimento e integra\u00e7\u00e3o da regi\u00e3o retardat\u00e1ria do pa\u00eds, promovendo como atividade de natureza capitalista, degrada\u00e7\u00f5es socioambientais, tens\u00f5es, viol\u00eancia, conflitos, expropria\u00e7\u00f5es e morte. A abordagem sobre essa geopol\u00edtica permite entender os fluxos migrat\u00f3rios e o processo de urbaniza\u00e7\u00e3o da cidade de Bel\u00e9m, apresentando suas precariedades em termos territoriais e sua consequente press\u00e3o sobre \u00e1reas verdes remanescentes que aliado a outros fatores propiciam o surgimento de animais silvestres em \u00e1reas urbanizadas. O objetivo desse artigo \u00e9 apresentar argumentos cient\u00edficos que corroboram para o entendimento dessa problem\u00e1tica socioambiental e possibilite subsidiar a\u00e7\u00f5es p\u00fablicas que garantam a prote\u00e7\u00e3o da fauna silvestre. Para tanto, recorre-se a acervos cient\u00edficos e dados oficiais que formam a base da discuss\u00e3o por ora apresentada. A conclus\u00e3o que se chega \u00e9 que o fen\u00f4meno urbanista polariza s\u00f3cio e espacialmente o territ\u00f3rio que potencializa o surgimento de animais silvestres em \u00e1reas urbanas prec\u00e1rias de pol\u00edticas p\u00fablicas.<\/p><p>\u00a0<\/p>\n\n\n\n<p><\/p>\n\n\n\n<div class=\"wp-block-file\"><object class=\"wp-block-file__embed\" data=\"https:\/\/reativarambiental.com.br\/wp-content\/uploads\/2023\/01\/212-1770-1-PB.pdf\" type=\"application\/pdf\" style=\"width:100%;height:600px\" aria-label=\"Embed of 212-1770-1-PB.\"><\/object><a id=\"wp-block-file--media-28891e59-3a56-41e9-a212-fb1eaff70246\" href=\"https:\/\/reativarambiental.com.br\/wp-content\/uploads\/2023\/01\/212-1770-1-PB.pdf\">212-1770-1-PB<\/a><a href=\"https:\/\/reativarambiental.com.br\/wp-content\/uploads\/2023\/01\/212-1770-1-PB.pdf\" class=\"wp-block-file__button\" download aria-describedby=\"wp-block-file--media-28891e59-3a56-41e9-a212-fb1eaff70246\">Download<\/a><\/div>\n","protected":false},"excerpt":{"rendered":"<p>O presente artigo enfoca alguns fatores antropog\u00eanicos da geopol\u00edtica da Amaz\u00f4nia paraense, em especial da produ\u00e7\u00e3o do espa\u00e7o na cidade<\/p>\n","protected":false},"author":2,"featured_media":2842,"comment_status":"closed","ping_status":"open","sticky":false,"template":"","format":"standard","meta":{"om_disable_all_campaigns":false,"_monsterinsights_skip_tracking":false,"_monsterinsights_sitenote_active":false,"_monsterinsights_sitenote_note":"","_monsterinsights_sitenote_category":0},"categories":[6,33,51,27],"tags":[],"aioseo_notices":[],"_links":{"self":[{"href":"https:\/\/reativarambiental.com.br\/index.php?rest_route=\/wp\/v2\/posts\/2840"}],"collection":[{"href":"https:\/\/reativarambiental.com.br\/index.php?rest_route=\/wp\/v2\/posts"}],"about":[{"href":"https:\/\/reativarambiental.com.br\/index.php?rest_route=\/wp\/v2\/types\/post"}],"author":[{"embeddable":true,"href":"https:\/\/reativarambiental.com.br\/index.php?rest_route=\/wp\/v2\/users\/2"}],"replies":[{"embeddable":true,"href":"https:\/\/reativarambiental.com.br\/index.php?rest_route=%2Fwp%2Fv2%2Fcomments&post=2840"}],"version-history":[{"count":1,"href":"https:\/\/reativarambiental.com.br\/index.php?rest_route=\/wp\/v2\/posts\/2840\/revisions"}],"predecessor-version":[{"id":2843,"href":"https:\/\/reativarambiental.com.br\/index.php?rest_route=\/wp\/v2\/posts\/2840\/revisions\/2843"}],"wp:featuredmedia":[{"embeddable":true,"href":"https:\/\/reativarambiental.com.br\/index.php?rest_route=\/wp\/v2\/media\/2842"}],"wp:attachment":[{"href":"https:\/\/reativarambiental.com.br\/index.php?rest_route=%2Fwp%2Fv2%2Fmedia&parent=2840"}],"wp:term":[{"taxonomy":"category","embeddable":true,"href":"https:\/\/reativarambiental.com.br\/index.php?rest_route=%2Fwp%2Fv2%2Fcategories&post=2840"},{"taxonomy":"post_tag","embeddable":true,"href":"https:\/\/reativarambiental.com.br\/index.php?rest_route=%2Fwp%2Fv2%2Ftags&post=2840"}],"curies":[{"name":"wp","href":"https:\/\/api.w.org\/{rel}","templated":true}]}}