{"id":2898,"date":"2023-01-22T21:39:25","date_gmt":"2023-01-22T21:39:25","guid":{"rendered":"https:\/\/reativarambiental.com.br\/?p=2898"},"modified":"2023-01-22T21:39:26","modified_gmt":"2023-01-22T21:39:26","slug":"lista-de-doi-mabra-v-1-n-3-2019","status":"publish","type":"post","link":"https:\/\/reativarambiental.com.br\/?p=2898","title":{"rendered":"Lista de DOI &#8211; MABRA &#8211; V.1, N.3 (2019)"},"content":{"rendered":"\n<p>Creative Commons Attribution Non Commercial 4.0 International<\/p>\n\n\n\n<p>EDITORIAL:&nbsp;<\/p>\n\n\n\n<p>AUTORES:<\/p>\n\n\n\n<p>Meio Ambiente (Brasil), v.x, n.X, 00-00.<\/p>\n\n\n\n<p>DOI:<\/p>\n\n\n\n<p><strong>ARTIGO<\/strong><strong>:<\/strong>&nbsp;Crescimento inicial do meloeiro sob salinidade da \u00e1gua e aplica\u00e7\u00e3o ex\u00f3gena de&nbsp; &nbsp; H2O2<\/p>\n\n\n\n<p><strong>AUTORES<\/strong><strong>:<\/strong>&nbsp;SILVA, Francisco de Assis da; CAMPOS J\u00daNIOR, Jos\u00e9 Eust\u00e1quio; DIAS, Mirandy dos Santos; SILVA, Luandson Jos\u00e9 da Silva e; SANTOS, Rilbson Henrique Silva dos; BATISTA, Mateus Costa<\/p>\n\n\n\n<p><strong>Meio Ambiente (Brasil)<\/strong>, v.1, n.3, 02-08.<\/p>\n\n\n\n<p><strong>DOI:\u00a0<\/strong>https:\/\/doi.org\/10.5281\/zenodo.3874055<\/p>\n\n\n\n<p><\/p>\n\n\n\n<p><strong>ARTIGO<\/strong><strong>:<\/strong>&nbsp;Desenvolvimento inicial de mudas de Helichrysum bracteatum submetidas a diferentes substratos<\/p>\n\n\n\n<p><strong>AUTORES<\/strong><strong>:<\/strong>&nbsp;SILVA, Joyce Naiara da; FREIRE, Andressa dos Santos; RODRIGUES, Marilia Hort\u00eancia Batista Silva; SILVA, Monalisa Alves Diniz da; SILVA, Luzia Ferreira da<\/p>\n\n\n\n<p><strong>Meio Ambiente (Brasil)<\/strong>, v.1, n.3, 09-15.<\/p>\n\n\n\n<p><strong>DOI:\u00a0<\/strong>https:\/\/doi.org\/10.5281\/zenodo.3874063<\/p>\n\n\n\n<p><\/p>\n\n\n\n<p><strong>ARTIGO<\/strong><strong>:<\/strong>&nbsp;Preserva\u00e7\u00e3o da cultura do povo ind\u00edgena Fulni-\u00d4<\/p>\n\n\n\n<p><strong>AUTORES<\/strong><strong>:<\/strong>&nbsp;SANTANA, Valdilene Valdice de; MATOS, Bruno Luiz de Brito; BEZERRA, Cledson Tadeu Matos<\/p>\n\n\n\n<p><strong>Meio Ambiente (Brasil)<\/strong>, v.1, n.3, 16-22.<\/p>\n\n\n\n<p><strong>DOI:\u00a0<\/strong>https:\/\/doi.org\/10.5281\/zenodo.3874074<\/p>\n\n\n\n<p><\/p>\n\n\n\n<p><strong>ARTIGO<\/strong><strong>:<\/strong>&nbsp;Cultivo de moringa: import\u00e2ncia nutricional, uso e aplica\u00e7\u00f5es<\/p>\n\n\n\n<p><strong>AUTORES<\/strong><strong>:<\/strong>&nbsp;SILVA, Guilherme Veloso da; SOUTO, Jacob Silva; SANTOS, Jo\u00e3o Batista dos<\/p>\n\n\n\n<p><strong>Meio Ambiente (Brasil)<\/strong>, v.1, n.3, 23-32.<\/p>\n\n\n\n<p><strong>DOI:\u00a0<\/strong>https:\/\/doi.org\/10.5281\/zenodo.3874082<\/p>\n\n\n\n<p><\/p>\n\n\n\n<p><strong>ARTIGO<\/strong><strong>:<\/strong>&nbsp;An\u00e1lise destrutiva de (Annona squamosa&nbsp;L.), em fun\u00e7\u00e3o da aduba\u00e7\u00e3o<\/p>\n\n\n\n<p><strong>AUTORES<\/strong><strong>:<\/strong>&nbsp;SILVA, Val\u00e9ria Lima da; SILVA, Weslian Vilanova da; OLIVEIRA, Alessandra Concei\u00e7\u00e3o de; LIMA, Vinicius Marca Marcelino de; AMORIM, Jaqueline Sousa<\/p>\n\n\n\n<p><strong>Meio Ambiente (Brasil)<\/strong>, v.1, n.3, 33-37.<\/p>\n\n\n\n<p><strong>DOI:\u00a0<\/strong>https:\/\/doi.org\/10.5281\/zenodo.3874088<\/p>\n\n\n\n<p><\/p>\n\n\n\n<p><strong>ARTIGO<\/strong><strong>:<\/strong>&nbsp;Agenda 2030 e os desafios para a garantia de acesso \u00e0 energia limpa e renov\u00e1vel<\/p>\n\n\n\n<p><strong>AUTORES<\/strong><strong>:<\/strong>&nbsp;SILVA, Karla Jarlita de Moura; SALES, Ric\u00e9lia Maria Marinho; SILVA, Guilherme Veloso da; NASCIMENTO, Izaias Rom\u00e1rio Soares do; SILVA, Mateus Gon\u00e7alves<\/p>\n\n\n\n<p><strong>Meio Ambiente (Brasil)<\/strong>, v.1, n.3, 38-44.<\/p>\n\n\n\n<p><strong>DOI:\u00a0<\/strong>https:\/\/doi.org\/10.5281\/zenodo.3874094<\/p>\n\n\n\n<p><\/p>\n\n\n\n<p><strong>ARTIGO<\/strong><strong>:<\/strong>&nbsp;Influ\u00eancia da salinidade da \u00e1gua de irriga\u00e7\u00e3o na qualidade de sementes no semi\u00e1rido paraibano<\/p>\n\n\n\n<p><strong>AUTORES<\/strong><strong>:<\/strong>&nbsp;PAIVA, Francisco Jean da Silva; RODRIGUES, Marilia Hort\u00eancia Batista Silva; LOPES, Kilson Pinheiro; SILVA Joseano Graciliano da<\/p>\n\n\n\n<p><strong>Meio Ambiente (Brasil)<\/strong>, v.1, n.3, 45-50.<strong>DOI:&nbsp;<\/strong>https:\/\/doi.org\/10.5281\/zenodo.3874098<\/p>\n","protected":false},"excerpt":{"rendered":"<p>Creative Commons Attribution Non Commercial 4.0 International EDITORIAL:&nbsp; AUTORES: Meio Ambiente (Brasil), v.x, n.X, 00-00. DOI: ARTIGO:&nbsp;Crescimento inicial do meloeiro<\/p>\n","protected":false},"author":2,"featured_media":0,"comment_status":"closed","ping_status":"open","sticky":false,"template":"","format":"standard","meta":{"om_disable_all_campaigns":false,"_monsterinsights_skip_tracking":false,"_monsterinsights_sitenote_active":false,"_monsterinsights_sitenote_note":"","_monsterinsights_sitenote_category":0},"categories":[51,10],"tags":[],"aioseo_notices":[],"_links":{"self":[{"href":"https:\/\/reativarambiental.com.br\/index.php?rest_route=\/wp\/v2\/posts\/2898"}],"collection":[{"href":"https:\/\/reativarambiental.com.br\/index.php?rest_route=\/wp\/v2\/posts"}],"about":[{"href":"https:\/\/reativarambiental.com.br\/index.php?rest_route=\/wp\/v2\/types\/post"}],"author":[{"embeddable":true,"href":"https:\/\/reativarambiental.com.br\/index.php?rest_route=\/wp\/v2\/users\/2"}],"replies":[{"embeddable":true,"href":"https:\/\/reativarambiental.com.br\/index.php?rest_route=%2Fwp%2Fv2%2Fcomments&post=2898"}],"version-history":[{"count":1,"href":"https:\/\/reativarambiental.com.br\/index.php?rest_route=\/wp\/v2\/posts\/2898\/revisions"}],"predecessor-version":[{"id":2899,"href":"https:\/\/reativarambiental.com.br\/index.php?rest_route=\/wp\/v2\/posts\/2898\/revisions\/2899"}],"wp:attachment":[{"href":"https:\/\/reativarambiental.com.br\/index.php?rest_route=%2Fwp%2Fv2%2Fmedia&parent=2898"}],"wp:term":[{"taxonomy":"category","embeddable":true,"href":"https:\/\/reativarambiental.com.br\/index.php?rest_route=%2Fwp%2Fv2%2Fcategories&post=2898"},{"taxonomy":"post_tag","embeddable":true,"href":"https:\/\/reativarambiental.com.br\/index.php?rest_route=%2Fwp%2Fv2%2Ftags&post=2898"}],"curies":[{"name":"wp","href":"https:\/\/api.w.org\/{rel}","templated":true}]}}