{"id":2912,"date":"2023-01-22T21:44:52","date_gmt":"2023-01-22T21:44:52","guid":{"rendered":"https:\/\/reativarambiental.com.br\/?p=2912"},"modified":"2023-01-22T21:58:56","modified_gmt":"2023-01-22T21:58:56","slug":"livre-indexa-mabra","status":"publish","type":"post","link":"https:\/\/reativarambiental.com.br\/?p=2912","title":{"rendered":"LiVre indexa MABRA"},"content":{"rendered":"\n<p>A Comiss\u00e3o Nacional de Energia Nuclear (CNEN) \u00e9 uma autarquia federal vinculada ao Minist\u00e9rio da Ci\u00eancia, Tecnologia, Inova\u00e7\u00f5es e Comunica\u00e7\u00f5es (MCTIC), criada em 1956 e estruturada pela Lei 4.118, de 27 de agosto de 1962, para desenvolver a pol\u00edtica nacional de energia nuclear. \u00d3rg\u00e3o superior de planejamento, orienta\u00e7\u00e3o, supervis\u00e3o e fiscaliza\u00e7\u00e3o, a CNEN estabelece normas e regulamentos em radioprote\u00e7\u00e3o e \u00e9 respons\u00e1vel por regular, licenciar e fiscalizar a produ\u00e7\u00e3o e o uso da energia nuclear no Brasil.<\/p>\n\n\n\n<p>A CNEN investe tamb\u00e9m em pesquisa e desenvolvimento, buscando um uso cada vez mais amplo e seguro das t\u00e9cnicas do setor nuclear, e seu foco \u00e9 garantir os benef\u00edcios da energia nuclear a um n\u00famero cada vez maior de brasileiros, sempre com seguran\u00e7a na opera\u00e7\u00e3o dos materiais e equipamentos radioativos.<\/p>\n","protected":false},"excerpt":{"rendered":"<p>A Comiss\u00e3o Nacional de Energia Nuclear (CNEN) \u00e9 uma autarquia federal vinculada ao Minist\u00e9rio da Ci\u00eancia, Tecnologia, Inova\u00e7\u00f5es e Comunica\u00e7\u00f5es<\/p>\n","protected":false},"author":2,"featured_media":0,"comment_status":"closed","ping_status":"open","sticky":false,"template":"","format":"standard","meta":{"om_disable_all_campaigns":false,"_monsterinsights_skip_tracking":false,"_monsterinsights_sitenote_active":false,"_monsterinsights_sitenote_note":"","_monsterinsights_sitenote_category":0},"categories":[51,10],"tags":[],"aioseo_notices":[],"_links":{"self":[{"href":"https:\/\/reativarambiental.com.br\/index.php?rest_route=\/wp\/v2\/posts\/2912"}],"collection":[{"href":"https:\/\/reativarambiental.com.br\/index.php?rest_route=\/wp\/v2\/posts"}],"about":[{"href":"https:\/\/reativarambiental.com.br\/index.php?rest_route=\/wp\/v2\/types\/post"}],"author":[{"embeddable":true,"href":"https:\/\/reativarambiental.com.br\/index.php?rest_route=\/wp\/v2\/users\/2"}],"replies":[{"embeddable":true,"href":"https:\/\/reativarambiental.com.br\/index.php?rest_route=%2Fwp%2Fv2%2Fcomments&post=2912"}],"version-history":[{"count":1,"href":"https:\/\/reativarambiental.com.br\/index.php?rest_route=\/wp\/v2\/posts\/2912\/revisions"}],"predecessor-version":[{"id":2913,"href":"https:\/\/reativarambiental.com.br\/index.php?rest_route=\/wp\/v2\/posts\/2912\/revisions\/2913"}],"wp:attachment":[{"href":"https:\/\/reativarambiental.com.br\/index.php?rest_route=%2Fwp%2Fv2%2Fmedia&parent=2912"}],"wp:term":[{"taxonomy":"category","embeddable":true,"href":"https:\/\/reativarambiental.com.br\/index.php?rest_route=%2Fwp%2Fv2%2Fcategories&post=2912"},{"taxonomy":"post_tag","embeddable":true,"href":"https:\/\/reativarambiental.com.br\/index.php?rest_route=%2Fwp%2Fv2%2Ftags&post=2912"}],"curies":[{"name":"wp","href":"https:\/\/api.w.org\/{rel}","templated":true}]}}