{"id":2991,"date":"2023-01-25T19:08:24","date_gmt":"2023-01-25T19:08:24","guid":{"rendered":"https:\/\/reativarambiental.com.br\/?p=2991"},"modified":"2023-01-25T19:08:25","modified_gmt":"2023-01-25T19:08:25","slug":"analise-geopoetica-do-album-salve-o-sao-francisco-de-geraldo-azevedo-e-parceiros-reflexoes-sobre-o-rio-sao-francisco","status":"publish","type":"post","link":"https:\/\/reativarambiental.com.br\/?p=2991","title":{"rendered":"An\u00e1lise Geopo\u00e9tica do \u00c1lbum \u201cSalve o S\u00e3o Francisco\u201d de Geraldo Azevedo e Parceiros: Reflex\u00f5es sobre o rio S\u00e3o Francisco"},"content":{"rendered":"\n<p>Este trabalho tem o intuito de visibilizar a Geopo\u00e9tica e a Musicalidade, intr\u00ednsecas nas identidades hidroterritoriais e topofilias contidas nas m\u00fasicas de Geraldo Azevedo e seus parceiros, a partir do \u00e1lbum \u201cSalve o S\u00e3o Francisco\u201d, de 2011. Consequentemente, ser\u00e1 utilizado o m\u00e9todo fenomenol\u00f3gico-hermen\u00eautico na an\u00e1lise geogr\u00e1fica e interpretativa das m\u00fasicas, apontado o sentido de lugar e das identidades hidroterritoriais contidas nas letras das can\u00e7\u00f5es, para posteriormente apontar a rela\u00e7\u00e3o destas com o rio S\u00e3o Francisco e os lugares que o formam em sua diversidade, a partir das m\u00fasicas. Ser\u00e3o apontados, tamb\u00e9m, uma s\u00e9rie de Geoss\u00edmbolos contidos nas m\u00fasicas e sua rela\u00e7\u00e3o com a Racionalidade Ambiental e Geopo\u00e9tica. Assim, a import\u00e2ncia deste artigo repousa em conhecer as rela\u00e7\u00f5es de poder simb\u00f3lico, os discursos, as corporeidades e afetividades em rela\u00e7\u00e3o ao rio S\u00e3o Francisco, colaborando com a campanha de preserva\u00e7\u00e3o ambiental deste rio, t\u00e3o admirado pelos ribeirinhos e por este report\u00f3rio musical e geopo\u00e9tico.<\/p>\n\n\n\n<p><\/p>\n\n\n\n<div class=\"wp-block-file\"><object class=\"wp-block-file__embed\" data=\"https:\/\/reativarambiental.com.br\/wp-content\/uploads\/2023\/01\/53-555-1-PB.pdf\" type=\"application\/pdf\" style=\"width:100%;height:600px\" aria-label=\"Embed of 53-555-1-PB.\"><\/object><a id=\"wp-block-file--media-60c1b1a0-3016-431a-bbcb-5ad3f211c1e9\" href=\"https:\/\/reativarambiental.com.br\/wp-content\/uploads\/2023\/01\/53-555-1-PB.pdf\">53-555-1-PB<\/a><a href=\"https:\/\/reativarambiental.com.br\/wp-content\/uploads\/2023\/01\/53-555-1-PB.pdf\" class=\"wp-block-file__button\" download aria-describedby=\"wp-block-file--media-60c1b1a0-3016-431a-bbcb-5ad3f211c1e9\">Download<\/a><\/div>\n","protected":false},"excerpt":{"rendered":"<p>Este trabalho tem o intuito de visibilizar a Geopo\u00e9tica e a Musicalidade, intr\u00ednsecas nas identidades hidroterritoriais e topofilias contidas nas<\/p>\n","protected":false},"author":2,"featured_media":2996,"comment_status":"closed","ping_status":"open","sticky":false,"template":"","format":"standard","meta":{"om_disable_all_campaigns":false,"_monsterinsights_skip_tracking":false,"_monsterinsights_sitenote_active":false,"_monsterinsights_sitenote_note":"","_monsterinsights_sitenote_category":0},"categories":[7,6,27,52],"tags":[],"aioseo_notices":[],"_links":{"self":[{"href":"https:\/\/reativarambiental.com.br\/index.php?rest_route=\/wp\/v2\/posts\/2991"}],"collection":[{"href":"https:\/\/reativarambiental.com.br\/index.php?rest_route=\/wp\/v2\/posts"}],"about":[{"href":"https:\/\/reativarambiental.com.br\/index.php?rest_route=\/wp\/v2\/types\/post"}],"author":[{"embeddable":true,"href":"https:\/\/reativarambiental.com.br\/index.php?rest_route=\/wp\/v2\/users\/2"}],"replies":[{"embeddable":true,"href":"https:\/\/reativarambiental.com.br\/index.php?rest_route=%2Fwp%2Fv2%2Fcomments&post=2991"}],"version-history":[{"count":1,"href":"https:\/\/reativarambiental.com.br\/index.php?rest_route=\/wp\/v2\/posts\/2991\/revisions"}],"predecessor-version":[{"id":2997,"href":"https:\/\/reativarambiental.com.br\/index.php?rest_route=\/wp\/v2\/posts\/2991\/revisions\/2997"}],"wp:featuredmedia":[{"embeddable":true,"href":"https:\/\/reativarambiental.com.br\/index.php?rest_route=\/wp\/v2\/media\/2996"}],"wp:attachment":[{"href":"https:\/\/reativarambiental.com.br\/index.php?rest_route=%2Fwp%2Fv2%2Fmedia&parent=2991"}],"wp:term":[{"taxonomy":"category","embeddable":true,"href":"https:\/\/reativarambiental.com.br\/index.php?rest_route=%2Fwp%2Fv2%2Fcategories&post=2991"},{"taxonomy":"post_tag","embeddable":true,"href":"https:\/\/reativarambiental.com.br\/index.php?rest_route=%2Fwp%2Fv2%2Ftags&post=2991"}],"curies":[{"name":"wp","href":"https:\/\/api.w.org\/{rel}","templated":true}]}}