{"id":3097,"date":"2023-01-26T03:54:36","date_gmt":"2023-01-26T03:54:36","guid":{"rendered":"https:\/\/reativarambiental.com.br\/?p=3097"},"modified":"2023-01-26T03:54:38","modified_gmt":"2023-01-26T03:54:38","slug":"estudo-da-influencia-de-variaveis-socioeconomicas-em-casos-confirmados-de-zika-em-recife-pernambuco","status":"publish","type":"post","link":"https:\/\/reativarambiental.com.br\/?p=3097","title":{"rendered":"Estudo da influ\u00eancia de vari\u00e1veis socioecon\u00f4micas em casos confirmados de Zika em Recife, Pernambuco"},"content":{"rendered":"\n<p>Este estudo analisou os casos confirmados de Zika nos anos de 2015 e 2016 para o munic\u00edpio de Recife, estado de Pernambuco. Assim como foram analisados os determinantes demogr\u00e1ficos e socioecon\u00f4micos. Correlacionou-se fatores socioecon\u00f4micos com casos de pessoas infectadas pelo o mosquito do Aedes aegypti. Para isso, foram utilizados dados de casos confirmados de Zika V\u00edrus, disponibilizados gratuitamente pelo site da Prefeitura do Recife, e os dados de aglomerados subanormais adquiridos pelo o site do IBGE, pelo o censo de 2010. Depois da an\u00e1lise dos resultados, observou-se que os casos de Zika est\u00e3o com elevada concentra\u00e7\u00e3o de casos em \u00e1reas consideradas como aglomerados subanormais. Observou-se tamb\u00e9m que houve uma eleva\u00e7\u00e3o em n\u00fameros de casos no ano de 2016, em rela\u00e7\u00e3o ao per\u00edodo anterior, e que no g\u00eanero feminino foram registrados mais casos identificados<\/p>\n\n\n\n<p><\/p>\n\n\n\n<div class=\"wp-block-file\"><object class=\"wp-block-file__embed\" data=\"https:\/\/reativarambiental.com.br\/wp-content\/uploads\/2023\/01\/102-389-2-PB.pdf\" type=\"application\/pdf\" style=\"width:100%;height:600px\" aria-label=\"Embed of 102-389-2-PB.\"><\/object><a id=\"wp-block-file--media-13e2dc9c-031d-47f9-ac6a-98df0db93db3\" href=\"https:\/\/reativarambiental.com.br\/wp-content\/uploads\/2023\/01\/102-389-2-PB.pdf\">102-389-2-PB<\/a><a href=\"https:\/\/reativarambiental.com.br\/wp-content\/uploads\/2023\/01\/102-389-2-PB.pdf\" class=\"wp-block-file__button\" download aria-describedby=\"wp-block-file--media-13e2dc9c-031d-47f9-ac6a-98df0db93db3\">Download<\/a><\/div>\n","protected":false},"excerpt":{"rendered":"<p>Este estudo analisou os casos confirmados de Zika nos anos de 2015 e 2016 para o munic\u00edpio de Recife, estado<\/p>\n","protected":false},"author":2,"featured_media":3099,"comment_status":"closed","ping_status":"open","sticky":false,"template":"","format":"standard","meta":{"om_disable_all_campaigns":false,"_monsterinsights_skip_tracking":false,"_monsterinsights_sitenote_active":false,"_monsterinsights_sitenote_note":"","_monsterinsights_sitenote_category":0},"categories":[7,6,27,52],"tags":[],"aioseo_notices":[],"_links":{"self":[{"href":"https:\/\/reativarambiental.com.br\/index.php?rest_route=\/wp\/v2\/posts\/3097"}],"collection":[{"href":"https:\/\/reativarambiental.com.br\/index.php?rest_route=\/wp\/v2\/posts"}],"about":[{"href":"https:\/\/reativarambiental.com.br\/index.php?rest_route=\/wp\/v2\/types\/post"}],"author":[{"embeddable":true,"href":"https:\/\/reativarambiental.com.br\/index.php?rest_route=\/wp\/v2\/users\/2"}],"replies":[{"embeddable":true,"href":"https:\/\/reativarambiental.com.br\/index.php?rest_route=%2Fwp%2Fv2%2Fcomments&post=3097"}],"version-history":[{"count":1,"href":"https:\/\/reativarambiental.com.br\/index.php?rest_route=\/wp\/v2\/posts\/3097\/revisions"}],"predecessor-version":[{"id":3100,"href":"https:\/\/reativarambiental.com.br\/index.php?rest_route=\/wp\/v2\/posts\/3097\/revisions\/3100"}],"wp:featuredmedia":[{"embeddable":true,"href":"https:\/\/reativarambiental.com.br\/index.php?rest_route=\/wp\/v2\/media\/3099"}],"wp:attachment":[{"href":"https:\/\/reativarambiental.com.br\/index.php?rest_route=%2Fwp%2Fv2%2Fmedia&parent=3097"}],"wp:term":[{"taxonomy":"category","embeddable":true,"href":"https:\/\/reativarambiental.com.br\/index.php?rest_route=%2Fwp%2Fv2%2Fcategories&post=3097"},{"taxonomy":"post_tag","embeddable":true,"href":"https:\/\/reativarambiental.com.br\/index.php?rest_route=%2Fwp%2Fv2%2Ftags&post=3097"}],"curies":[{"name":"wp","href":"https:\/\/api.w.org\/{rel}","templated":true}]}}