{"id":3145,"date":"2023-01-26T04:11:49","date_gmt":"2023-01-26T04:11:49","guid":{"rendered":"https:\/\/reativarambiental.com.br\/?p=3145"},"modified":"2023-01-26T04:11:50","modified_gmt":"2023-01-26T04:11:50","slug":"paisagem-costeira-refletindo-a-geomorfologia-de-jericoacoara-brasil-a-partir-da-relacao-sociedade-natureza","status":"publish","type":"post","link":"https:\/\/reativarambiental.com.br\/?p=3145","title":{"rendered":"Paisagem costeira: refletindo a geomorfologia de Jericoacoara (Brasil) a partir da rela\u00e7\u00e3o sociedade\/natureza"},"content":{"rendered":"\n<p>A ocupa\u00e7\u00e3o das praias, v\u00eam se intensificando com o passar dos anos, e, \u00e9 de extrema import\u00e2ncia um estudo acerca dessas ocupa\u00e7\u00f5es, pois, al\u00e9m de servir de moradia para a popula\u00e7\u00e3o, t\u00eam incorporado novas formas de impactos e interfer\u00eancias no ambiente costeiro. Tendo em vista que tal \u00e1rea vem passando por v\u00e1rios processos de degrada\u00e7\u00e3o ambiental, onde arcabou\u00e7ado por estudos da geomorfologia costeira traz \u00e0 tona a problem\u00e1tica da a\u00e7\u00e3o antr\u00f3pica tornando importante o estudo e preserva\u00e7\u00e3o da regi\u00e3o. \u00a0O presente artigo tem como objetivo identificar e analisar os impactos ambientais negativos advindos justamente da interfer\u00eancia antr\u00f3pica nas dunas da Praia de Jericoacoara, com o aux\u00edlio do estudo da paisagem tendo em vista a observa\u00e7\u00e3o in situ e estudo de caso atrav\u00e9s de revis\u00e3o liter\u00e1ria, levando em considera\u00e7\u00e3o os aspectos naturais, geomorfol\u00f3gicos, clim\u00e1ticos, hidrogeogr\u00e1ficos, hist\u00f3ricos, sociais e econ\u00f4micos, com enfoque nas dunas e o turismo em torno delas<\/p>\n\n\n\n<p><\/p>\n\n\n\n<div class=\"wp-block-file\"><object class=\"wp-block-file__embed\" data=\"https:\/\/reativarambiental.com.br\/wp-content\/uploads\/2023\/01\/124-383-2-PB.pdf\" type=\"application\/pdf\" style=\"width:100%;height:600px\" aria-label=\"Embed of 124-383-2-PB.\"><\/object><a id=\"wp-block-file--media-4ee8b72e-23aa-4a55-8249-e06e90f9d482\" href=\"https:\/\/reativarambiental.com.br\/wp-content\/uploads\/2023\/01\/124-383-2-PB.pdf\">124-383-2-PB<\/a><a href=\"https:\/\/reativarambiental.com.br\/wp-content\/uploads\/2023\/01\/124-383-2-PB.pdf\" class=\"wp-block-file__button\" download aria-describedby=\"wp-block-file--media-4ee8b72e-23aa-4a55-8249-e06e90f9d482\">Download<\/a><\/div>\n","protected":false},"excerpt":{"rendered":"<p>A ocupa\u00e7\u00e3o das praias, v\u00eam se intensificando com o passar dos anos, e, \u00e9 de extrema import\u00e2ncia um estudo acerca<\/p>\n","protected":false},"author":2,"featured_media":3147,"comment_status":"closed","ping_status":"open","sticky":false,"template":"","format":"standard","meta":{"om_disable_all_campaigns":false,"_monsterinsights_skip_tracking":false,"_monsterinsights_sitenote_active":false,"_monsterinsights_sitenote_note":"","_monsterinsights_sitenote_category":0},"categories":[7,6,27,52],"tags":[],"aioseo_notices":[],"_links":{"self":[{"href":"https:\/\/reativarambiental.com.br\/index.php?rest_route=\/wp\/v2\/posts\/3145"}],"collection":[{"href":"https:\/\/reativarambiental.com.br\/index.php?rest_route=\/wp\/v2\/posts"}],"about":[{"href":"https:\/\/reativarambiental.com.br\/index.php?rest_route=\/wp\/v2\/types\/post"}],"author":[{"embeddable":true,"href":"https:\/\/reativarambiental.com.br\/index.php?rest_route=\/wp\/v2\/users\/2"}],"replies":[{"embeddable":true,"href":"https:\/\/reativarambiental.com.br\/index.php?rest_route=%2Fwp%2Fv2%2Fcomments&post=3145"}],"version-history":[{"count":1,"href":"https:\/\/reativarambiental.com.br\/index.php?rest_route=\/wp\/v2\/posts\/3145\/revisions"}],"predecessor-version":[{"id":3148,"href":"https:\/\/reativarambiental.com.br\/index.php?rest_route=\/wp\/v2\/posts\/3145\/revisions\/3148"}],"wp:featuredmedia":[{"embeddable":true,"href":"https:\/\/reativarambiental.com.br\/index.php?rest_route=\/wp\/v2\/media\/3147"}],"wp:attachment":[{"href":"https:\/\/reativarambiental.com.br\/index.php?rest_route=%2Fwp%2Fv2%2Fmedia&parent=3145"}],"wp:term":[{"taxonomy":"category","embeddable":true,"href":"https:\/\/reativarambiental.com.br\/index.php?rest_route=%2Fwp%2Fv2%2Fcategories&post=3145"},{"taxonomy":"post_tag","embeddable":true,"href":"https:\/\/reativarambiental.com.br\/index.php?rest_route=%2Fwp%2Fv2%2Ftags&post=3145"}],"curies":[{"name":"wp","href":"https:\/\/api.w.org\/{rel}","templated":true}]}}